{"id":7245,"date":"2022-03-29T08:00:44","date_gmt":"2022-03-29T08:00:44","guid":{"rendered":"https:\/\/onandia-abogados.com\/blog\/indemnizacion-fallecimiento-accidente-laboral\/"},"modified":"2024-06-25T11:18:50","modified_gmt":"2024-06-25T11:18:50","slug":"indemnitzacio-defuncio-accident-laboral","status":"publish","type":"post","link":"https:\/\/onandia-abogados.com\/ca\/blog\/indemnitzacio-defuncio-accident-laboral\/","title":{"rendered":"Indemnitzaci\u00f3 per defunci\u00f3 en accident laboral: qui paga, quant i a qui"},"content":{"rendered":"<p><div class=\"fusion-fullwidth fullwidth-box fusion-builder-row-1 fusion-flex-container nonhundred-percent-fullwidth non-hundred-percent-height-scrolling\" style=\"--awb-border-radius-top-left:0px;--awb-border-radius-top-right:0px;--awb-border-radius-bottom-right:0px;--awb-border-radius-bottom-left:0px;--awb-flex-wrap:wrap;\" ><div class=\"fusion-builder-row fusion-row fusion-flex-align-items-flex-start fusion-flex-content-wrap\" style=\"max-width:1352px;margin-left: calc(-4% \/ 2 );margin-right: calc(-4% \/ 2 );\"><div class=\"fusion-layout-column fusion_builder_column fusion-builder-column-0 fusion_builder_column_1_1 1_1 fusion-flex-column\" style=\"--awb-bg-size:cover;--awb-width-large:100%;--awb-margin-top-large:0px;--awb-spacing-right-large:1.92%;--awb-margin-bottom-large:0px;--awb-spacing-left-large:1.92%;--awb-width-medium:100%;--awb-spacing-right-medium:1.92%;--awb-spacing-left-medium:1.92%;--awb-width-small:100%;--awb-spacing-right-small:1.92%;--awb-spacing-left-small:1.92%;\"><div class=\"fusion-column-wrapper fusion-flex-justify-content-flex-start fusion-content-layout-column\"><div class=\"fusion-text fusion-text-1\"><p>Com ja hem comentat en altres articles d\u2019aquest blog, <strong>perqu\u00e8 un accident es consideri de treball, ha de produir-se com a conseq\u00fc\u00e8ncia directa o indirecta de l\u2019activitat laboral<\/strong>.<\/p>\n<p>En aquest sentit, si l\u2019accident t\u00e9 com a resultat la <strong>defunci\u00f3<\/strong> del treballador, tamb\u00e9 haur\u00e0 d\u2019establir-se en primer lloc aquesta <strong>connexi\u00f3<\/strong>. Tinguem en compte que <strong>tot el que succeeixi en altres circumst\u00e0ncies ser\u00e0 considerat <\/strong><strong>com a accident no laboral o <\/strong><strong>malaltia comuna<\/strong>.<\/p>\n<p>Dit aix\u00f2, tamb\u00e9 <strong>ser\u00e0 important dilucidar de qui \u00e9s la \u00abculpa\u00bb <\/strong><strong>de l\u2019accident<\/strong>, perqu\u00e8 d\u2019aix\u00f2 dependr\u00e0 la quantia de la <strong>indemnitzaci\u00f3<\/strong>. Vegem tot el proc\u00e9s..<\/p>\n<h2 class=\"fusion-responsive-typography-calculated\" data-fontsize=\"35\" data-lineheight=\"42.349998px\"><span id=\"Passos_a_donar_davant_un_accident_laboral_amb_resultat_de_mort\">Passos a donar davant un accident laboral amb resultat de mort<\/span><\/h2>\n<p>En els terribles moments que succeeixen a un accident laboral amb resultat de mort, cal fer alguns passos importants perqu\u00e8 tot quedi reflectit de manera adequada:<\/p>\n<ol>\n<li>El primer \u00e9s avisar al <strong>112<\/strong>, els <strong>serveis d\u2019emerg\u00e8ncies<\/strong>, perqu\u00e8 puguin fer una primera avaluaci\u00f3 de la situaci\u00f3.<\/li>\n<li>Cal elaborar un <strong>comunicat d\u2019accident<\/strong> amb les dades del treballador, el nom de l\u2019empresa i una descripci\u00f3 detallada de l\u2019accident, en la qual s\u2019indiquin a m\u00e9s els mitjans emprats per a evitar l\u2019accident.<\/li>\n<li>Aix\u00ed mateix, es realitzar\u00e0 <strong>una recerca del succe\u00eft per part de la Inspecci\u00f3 de Treball<\/strong>, per a determinar si l\u2019empresa havia aplicat les mesures de seguretat corresponents al lloc i el lloc de treball.<\/li>\n<li>Finalment, <strong>la policia aixecar\u00e0 un atestat<\/strong>, fins i tot amb les dades dels testimonis per a futures recerques, i donar\u00e0 trasllat dels fets al jutjat.<\/li>\n<\/ol>\n<h2 class=\"fusion-responsive-typography-calculated\" data-fontsize=\"35\" data-lineheight=\"42.349998px\"><span id=\"Indemnitzacio_segons_qui_te_la_culpa\">Indemnitzaci\u00f3 segons qui t\u00e9 la culpa<\/span><\/h2>\n<p>\u00c9s important establir quins <strong>actors han intervingut en l\u2019accident laboral<\/strong>, ja que els familiars tindran dret a diferents indemnitzacions en funci\u00f3 de qui pugui adjudicar-se la \u00abculpa\u00bb:<\/p>\n<ul>\n<li><strong><span style=\"color: #00a6d7;\">FOR\u00c7A MAJOR, CAS FORTU\u00cfT O CULPA DE TERCER<\/span>: <\/strong>en aquests casos, els fets no han pogut preveure\u2019s o han estat inevitables i <strong>no es considera accident de treball<\/strong>.<\/li>\n<li><strong><span style=\"color: #00a6d7;\">CULPA DEL TREBALLADOR<\/span>: <\/strong>\n<ul>\n<li><strong><u>Imprud\u00e8ncia temer\u00e0ria<\/u><\/strong><strong>: <\/strong>quan existeix una assumpci\u00f3 d\u2019un <strong>risc innecessari<\/strong>, una temer\u00e0ria provocaci\u00f3, un menyspreu del risc o una imprud\u00e8ncia de gravetat excepcional, <strong>no es podr\u00e0 qualificar com a accident de treball<\/strong>.<\/li>\n<li><strong><u>Conducta imprudent<\/u>: <\/strong>en aquest cas, <strong>la llei s\u00ed que protegeix el treballador<\/strong>, encara que hi hagi falta de cura, atenci\u00f3 o neglig\u00e8ncia, i <strong>s\u00ed que ho considera defunci\u00f3 per accident laboral.<\/strong><\/li>\n<\/ul>\n<\/li>\n<\/ul>\n<ul>\n<li><strong><span style=\"color: #00a6d7;\">CULPA DE L\u2019EMPRESARI<\/span>: <\/strong>en aquest cas, no fa falta que existeixi dol, culpa o neglig\u00e8ncia per part de l\u2019empresari, \u00e9s suficient amb haver<strong> infringit o descurat alguna norma de seguretat<\/strong>. L\u2019empresa respondr\u00e0 per:\n<ul>\n<li><strong>Indemnitzaci\u00f3 del conveni col\u00b7lectiu: <\/strong>normalment coberta per la p\u00f2lissa d\u2019asseguran\u00e7a obligat\u00f2ria de l\u2019empresa.<\/li>\n<li><strong>Indemnitzaci\u00f3 per danys i perjudicis: <\/strong>els correspon als familiars i\/o hereus, \u00e9s a dir, c\u00f2njuge, fills, pares i nets.<\/li>\n<\/ul>\n<\/li>\n<li><strong><span style=\"color: #00a6d7;\">CONCURR\u00c8NCIA DE CULPES<\/span>: <\/strong>es produeix quan existeix <strong>culpa del treballador i de l\u2019empresari<\/strong> o de factors aliens. En aquest cas, la indemnitzaci\u00f3 per responsabilitat civil la sol determinar un jutge, es pondera i no s\u2019abona la totalitat als hereus.<\/li>\n<\/ul>\n<\/div><\/div><\/div><\/div><\/div><div class=\"fusion-fullwidth fullwidth-box fusion-builder-row-2 fusion-flex-container nonhundred-percent-fullwidth non-hundred-percent-height-scrolling\" style=\"--awb-border-radius-top-left:0px;--awb-border-radius-top-right:0px;--awb-border-radius-bottom-right:0px;--awb-border-radius-bottom-left:0px;--awb-flex-wrap:wrap;\" ><div class=\"fusion-builder-row fusion-row fusion-flex-align-items-flex-start fusion-flex-content-wrap\" style=\"max-width:1352px;margin-left: calc(-4% \/ 2 );margin-right: calc(-4% \/ 2 );\"><div class=\"fusion-layout-column fusion_builder_column fusion-builder-column-1 fusion_builder_column_1_1 1_1 fusion-flex-column\" style=\"--awb-bg-size:cover;--awb-width-large:100%;--awb-margin-top-large:0px;--awb-spacing-right-large:1.92%;--awb-margin-bottom-large:20px;--awb-spacing-left-large:1.92%;--awb-width-medium:100%;--awb-spacing-right-medium:1.92%;--awb-spacing-left-medium:1.92%;--awb-width-small:100%;--awb-spacing-right-small:1.92%;--awb-spacing-left-small:1.92%;\"><div class=\"fusion-column-wrapper fusion-flex-justify-content-flex-start fusion-content-layout-column\"><div style=\"text-align:center;\"><a class=\"fusion-button button-flat button-xlarge button-default fusion-button-default button-1 fusion-button-default-span fusion-button-default-type boton-negrita\" style=\"--awb-margin-top:30px;--awb-margin-bottom:30px;\" target=\"_self\" href=\"tel: 934 88 11 25 \"><span class=\"fusion-button-text awb-button__text awb-button__text--default\">Has tingut un accident? T\u2019informem GRATIS: 934 88 11 25<\/span><i class=\"fa-chevron-right fas awb-button__icon awb-button__icon--default button-icon-right\" aria-hidden=\"true\"><\/i><\/a><\/div><div class=\"fusion-text fusion-text-2\"><div class=\"fusion-text fusion-text-2\"><\/div>\n<h2 class=\"fusion-responsive-typography-calculated\" data-fontsize=\"35\" data-lineheight=\"42.349998px\"><span id=\"Tipus_d8217indemnitzacio_per_defuncio_en_accident_laboral\">Tipus d\u2019indemnitzaci\u00f3 per defunci\u00f3 en accident laboral<\/span><\/h2>\n<p>A la vista de les grav\u00edssimes conseq\u00fc\u00e8ncies de l\u2019accident laboral, <strong>els familiars del treballador mort tenen dret a rebre una compensaci\u00f3 econ\u00f2mica<\/strong>, de manera independent a la <strong>pensi\u00f3<\/strong> que pogu\u00e9s correspondre\u2019ls.<br \/>\nLa defunci\u00f3 d\u2019un treballador per accident de treball dona <strong>dret a percebre<\/strong> de la Seguretat Social determinades <strong>prestacions<\/strong> (vidu\u00eftat, orfandat, etc.), i <strong>existeixen altres indemnitzacions a les quals tindran dret els familiars i reunits de la v\u00edctima<\/strong>.<\/p>\n<h3><strong>1.<\/strong><span id=\"1_INDEMNITZACIO_A_tant_alcat\"><strong>INDEMNITZACI\u00d3 A tant al\u00e7at<\/strong><\/span><\/h3>\n<p><strong>No es t\u00e9 en compte el temps que el mort portava cotitzat a la Seguretat Social<\/strong>. \u00c9s una indemnitzaci\u00f3 a tant al\u00e7at que es rep <strong>en un sol pagament<\/strong>. Aquestes s\u00f3n les quantitats establertes en la Llei General de la Seguretat Social:<\/p>\n<ul>\n<li><span style=\"color: #00a6d7;\"><strong>C\u00f2njuge\/parella de fet<\/strong><\/span>: rebr\u00e0 una quantitat equivalent a <strong>6 mensualitats<\/strong> de la base reguladora, calculada igual que en la pensi\u00f3 de vidu\u00eftat.<\/li>\n<li><span style=\"color: #00a6d7;\"><strong>Fills<\/strong><\/span>: <strong>1 mensualitat de la base reguladora.<\/strong><\/li>\n<li><span style=\"color: #00a6d7;\"><strong>Progenitors que depenguin de la v\u00edctima<\/strong><\/span> (quan el mort no tingu\u00e9s c\u00f2njuge o fills): <strong>9 mensualitats <\/strong>de la base reguladora i 12 mensualitats si els dos estan vius.<\/li>\n<\/ul>\n<h3 class=\"fusion-responsive-typography-calculated\" data-fontsize=\"24\" data-lineheight=\"36px\"><span id=\"2_INDEMNITZACIO_PER_CONVENI\"><strong>2. INDEMNITZACI\u00d3 PER CONVENI<\/strong><\/span><\/h3>\n<p>Les empreses tenen l\u2019obligaci\u00f3 <strong>de disposar d\u2019una asseguran\u00e7a<\/strong> per a la protecci\u00f3 dels seus treballadors durant l\u2019acompliment de les seves tasques. <strong>Aquesta p\u00f2lissa \u00e9s la que cobrir\u00e0 la indemnitzaci\u00f3 establerta en el conveni<\/strong>, la quantia del qual s\u2019estableix en les negociacions col\u00b7lectives de cada sector.<\/p>\n<h3 class=\"fusion-responsive-typography-calculated\" data-fontsize=\"24\" data-lineheight=\"36px\"><span id=\"3_INDEMNITZACIO_PER_DANYS_I_PERJUDICIS\"><strong>3. INDEMNITZACI\u00d3 PER DANYS I PERJUDICIS<\/strong><\/span><\/h3>\n<p>En cas que es determini culpa de l\u2019empresa, els familiars i afins de la v\u00edctima poden reclamar una <strong>indemnitzaci\u00f3 pels danys i perjudicis<\/strong> (morals i materials) ocasionats.<\/p>\n<h2 class=\"fusion-responsive-typography-calculated\" data-fontsize=\"35\" data-lineheight=\"42.349998px\"><span id=\"Qui_te_dret_a_reclamar_una_indemnitzacio\">Qui t\u00e9 dret a reclamar una indemnitzaci\u00f3?<\/span><\/h2>\n<p>Tots els perjudicats, \u00e9s a dir, els familiars (c\u00f2njuge, ascendents, descendents, germans) i reunits.<\/p>\n<h2 class=\"fusion-responsive-typography-calculated\" data-fontsize=\"35\" data-lineheight=\"42.349998px\"><span id=\"Quins_danys_cobreix_la_indemnitzacio\">Quins danys cobreix la indemnitzaci\u00f3?<\/span><\/h2>\n<ul>\n<li><strong><span style=\"color: #00a6d7;\">DANYS PERSONALS<\/span>: <\/strong>es refereixen a la p\u00e8rdua soferta pels familiars, a m\u00e9s d\u2019altres perjudicis derivats de circumst\u00e0ncies familiars, discapacitat, etc.<\/li>\n<li><strong><span style=\"color: #00a6d7;\">DANYS PATRIMONIALS<\/span>:<\/strong> serien totes les despeses desemborsades per a cobrir l\u2019enterrament , els <strong>despla\u00e7aments<\/strong>, etc., aix\u00ed com les <strong>p\u00e8rdues per depend\u00e8ncia econ\u00f2mica<\/strong> del treballador mort.<\/li>\n<\/ul>\n<h2 class=\"fusion-responsive-typography-calculated\" data-fontsize=\"35\" data-lineheight=\"42.349998px\"><span id=\"Exemple_de_quantia_d8217una_indemnitzacio_per_defuncio_en_accident_laboral\">Exemple de quantia d\u2019una indemnitzaci\u00f3 per defunci\u00f3 en accident laboral<\/span><\/h2>\n<p>Per al c\u00e0lcul de la indemnitzaci\u00f3, se sol utilitzar el Barem d\u2019accidents de circulaci\u00f3, encara que no \u00e9s obligatori.<\/p>\n<ul>\n<li><strong>EXEMPLE: <\/strong>Treballador de 40 anys que mor en accident, deixa v\u00eddua i dos fills de 16 i 28 anys, i t\u00e9 als seus dos pares amb vida.<\/li>\n<\/ul>\n<ol>\n<li><strong>C\u00f2njuge: <\/strong>115.000 euros.<\/li>\n<li><strong>Fill de 16 anys: <\/strong>47.800 euros.<\/li>\n<li><strong>Fills de 28 anys: <\/strong>19.560 euros.<\/li>\n<li><strong>Cadascun dels pares: <\/strong>9.560 euros.<\/li>\n<li><strong>Lucre cessant del treballador: <\/strong>95.000 euros.<\/li>\n<\/ol>\n<blockquote>\n<p><span style=\"color: #00a6d7;\"><strong>CONSELL ONANDIA<\/strong><\/span>: la reclamaci\u00f3 d\u2019una indemnitzaci\u00f3 per defunci\u00f3 en accident laboral \u00e9s bastant complexa i estan en joc importants quantitats. No dubtis a demanar consell al teu advocat especialista en accidents.<\/p>\n<\/blockquote>\n<\/div><\/div><\/div><\/div><\/div><div class=\"fusion-fullwidth fullwidth-box fusion-builder-row-3 fusion-flex-container has-pattern-background has-mask-background nonhundred-percent-fullwidth non-hundred-percent-height-scrolling\" style=\"--awb-border-radius-top-left:0px;--awb-border-radius-top-right:0px;--awb-border-radius-bottom-right:0px;--awb-border-radius-bottom-left:0px;--awb-padding-top:30px;--awb-margin-top:30px;--awb-flex-wrap:wrap;\" ><div class=\"fusion-builder-row fusion-row fusion-flex-align-items-flex-start fusion-flex-content-wrap\" style=\"max-width:1352px;margin-left: calc(-4% \/ 2 );margin-right: calc(-4% \/ 2 );\"><div class=\"fusion-layout-column fusion_builder_column fusion-builder-column-2 fusion_builder_column_1_5 1_5 fusion-flex-column\" style=\"--awb-bg-size:cover;--awb-width-large:20%;--awb-margin-top-large:0px;--awb-spacing-right-large:9.6%;--awb-margin-bottom-large:20px;--awb-spacing-left-large:9.6%;--awb-width-medium:100%;--awb-order-medium:0;--awb-spacing-right-medium:1.92%;--awb-spacing-left-medium:1.92%;--awb-width-small:100%;--awb-order-small:0;--awb-spacing-right-small:1.92%;--awb-spacing-left-small:1.92%;\"><div class=\"fusion-column-wrapper fusion-column-has-shadow fusion-flex-justify-content-flex-start fusion-content-layout-column\"><div class=\"fusion-image-element \" style=\"--awb-caption-title-font-family:var(--h2_typography-font-family);--awb-caption-title-font-weight:var(--h2_typography-font-weight);--awb-caption-title-font-style:var(--h2_typography-font-style);--awb-caption-title-size:var(--h2_typography-font-size);--awb-caption-title-transform:var(--h2_typography-text-transform);--awb-caption-title-line-height:var(--h2_typography-line-height);--awb-caption-title-letter-spacing:var(--h2_typography-letter-spacing);\"><span class=\" fusion-imageframe imageframe-none imageframe-1 hover-type-none\"><img decoding=\"async\" width=\"600\" height=\"600\" title=\"CTA-solo-cobramos-si-tu-cobras_CAT\" src=\"https:\/\/onandia-abogados.com\/wp-content\/uploads\/2025\/12\/CTA-solo-cobramos-si-tu-cobras_CAT.png\" data-orig-src=\"https:\/\/onandia-abogados.com\/wp-content\/uploads\/2025\/12\/CTA-solo-cobramos-si-tu-cobras_CAT.png\" alt class=\"lazyload img-responsive wp-image-109715\" srcset=\"data:image\/svg+xml,%3Csvg%20xmlns%3D%27http%3A%2F%2Fwww.w3.org%2F2000%2Fsvg%27%20width%3D%27600%27%20height%3D%27600%27%20viewBox%3D%270%200%20600%20600%27%3E%3Crect%20width%3D%27600%27%20height%3D%27600%27%20fill-opacity%3D%220%22%2F%3E%3C%2Fsvg%3E\" data-srcset=\"https:\/\/onandia-abogados.com\/wp-content\/uploads\/2025\/12\/CTA-solo-cobramos-si-tu-cobras_CAT-200x200.png 200w, https:\/\/onandia-abogados.com\/wp-content\/uploads\/2025\/12\/CTA-solo-cobramos-si-tu-cobras_CAT-400x400.png 400w, https:\/\/onandia-abogados.com\/wp-content\/uploads\/2025\/12\/CTA-solo-cobramos-si-tu-cobras_CAT.png 600w\" data-sizes=\"auto\" data-orig-sizes=\"(max-width: 1024px) 100vw, (max-width: 640px) 100vw, 400px\" \/><\/span><\/div><\/div><\/div><div class=\"fusion-layout-column fusion_builder_column fusion-builder-column-3 fusion_builder_column_3_5 3_5 fusion-flex-column\" style=\"--awb-overflow:hidden;--awb-bg-color:#00a7d8;--awb-bg-color-hover:#00a7d8;--awb-bg-size:cover;--awb-border-radius:5px 5px 5px 5px;--awb-width-large:60%;--awb-margin-top-large:0px;--awb-spacing-right-large:3.2%;--awb-margin-bottom-large:20px;--awb-spacing-left-large:3.2%;--awb-width-medium:100%;--awb-order-medium:0;--awb-spacing-right-medium:1.92%;--awb-spacing-left-medium:1.92%;--awb-width-small:100%;--awb-order-small:0;--awb-spacing-right-small:1.92%;--awb-spacing-left-small:1.92%;\" data-scroll-devices=\"small-visibility,medium-visibility,large-visibility\"><div class=\"fusion-column-wrapper fusion-column-has-shadow fusion-flex-justify-content-flex-start fusion-content-layout-column\"><div class=\"fusion-text fusion-text-4\"><div class=\"fusion-text fusion-text-4\"><\/div>\n<div class=\"row\" style=\"width: 100%; margin-left: 1px; background-color: #00a7d8; text-align: center; padding-top: 20px; padding-bottom: 20px; border-radius: 5px;\">\n<div class=\"col-md-12\"><span style=\"font-weight: bold; font-size: 28px; color: white; margin-top: 20px; padding-top: 20px;\">Comen\u00e7a ara la teva reclamaci\u00f3 GRATIS<\/span><\/div>\n<div class=\"col-md-12\">\n<div class=\"row\">\n<div class=\"col-md-5 col-xs-5\" style=\"text-align: right;\"><img decoding=\"async\" class=\"lazyload alignnone wp-image-5779\" src=\"data:image\/svg+xml,%3Csvg%20xmlns%3D%27http%3A%2F%2Fwww.w3.org%2F2000%2Fsvg%27%20width%3D%2765%27%20height%3D%2750%27%20viewBox%3D%270%200%2065%2050%27%3E%3Crect%20width%3D%2765%27%20height%3D%2750%27%20fill-opacity%3D%220%22%2F%3E%3C%2Fsvg%3E\" data-orig-src=\"https:\/\/onandia-abogados.com\/wp-content\/uploads\/2023\/02\/picto-consulta-rapida.png\" alt=\"Consulta r\u00e1pida\" width=\"65\" height=\"50\" \/><\/div>\n<div class=\"col-md-7 col-xs-7\" style=\"text-align: left; margin-bottom: 20px;\">\n<p><span style=\"font-weight: bold; font-size: 26px; color: white; margin-top: 20px; padding-top: 20px;\">Consulta r\u00e0pida 24h<\/span><\/p>\n<\/div>\n<\/div>\n<\/div>\n<\/div>\n<\/div>\n<div class=\"wpcf7 no-js\" id=\"wpcf7-f7921-o1\" lang=\"es-ES\" dir=\"ltr\" data-wpcf7-id=\"7921\">\n<div class=\"screen-reader-response\"><p role=\"status\" aria-live=\"polite\" aria-atomic=\"true\"><\/p> <ul><\/ul><\/div>\n<form action=\"\/ca\/wp-json\/wp\/v2\/posts\/7245#wpcf7-f7921-o1\" method=\"post\" class=\"wpcf7-form init\" aria-label=\"Formulario de contacto\" novalidate=\"novalidate\" data-status=\"init\">\n<fieldset class=\"hidden-fields-container\"><input type=\"hidden\" name=\"_wpcf7\" value=\"7921\" \/><input type=\"hidden\" name=\"_wpcf7_version\" value=\"6.1.5\" \/><input type=\"hidden\" name=\"_wpcf7_locale\" value=\"es_ES\" \/><input type=\"hidden\" name=\"_wpcf7_unit_tag\" value=\"wpcf7-f7921-o1\" \/><input type=\"hidden\" name=\"_wpcf7_container_post\" value=\"0\" \/><input type=\"hidden\" name=\"_wpcf7_posted_data_hash\" value=\"\" \/><input type=\"hidden\" name=\"_wpcf7_recaptcha_response\" value=\"\" \/>\n<\/fieldset>\n<div class=\"col-md-12\">\n\t<p><span class=\"wpcf7-form-control-wrap\" data-name=\"your-name\"><input size=\"40\" maxlength=\"400\" class=\"wpcf7-form-control wpcf7-text wpcf7-validates-as-required\" aria-required=\"true\" aria-invalid=\"false\" placeholder=\"Nom (obligatorio)\" value=\"\" type=\"text\" name=\"your-name\" \/><\/span>\n\t<\/p>\n<\/div>\n<div class=\"col-md-12\">\n\t<p><span class=\"wpcf7-form-control-wrap\" data-name=\"telefono\"><input size=\"40\" maxlength=\"400\" class=\"wpcf7-form-control wpcf7-tel wpcf7-validates-as-required wpcf7-text wpcf7-validates-as-tel\" aria-required=\"true\" aria-invalid=\"false\" placeholder=\"Tel\u00e8fon (obligatorio)\" value=\"\" type=\"tel\" name=\"telefono\" \/><\/span>\n\t<\/p>\n<\/div>\n<div class=\"col-md-12\">\n\t<p><span class=\"wpcf7-form-control-wrap\" data-name=\"your-email\"><input size=\"40\" maxlength=\"400\" class=\"wpcf7-form-control wpcf7-email wpcf7-validates-as-required wpcf7-text wpcf7-validates-as-email\" aria-required=\"true\" aria-invalid=\"false\" placeholder=\"E-mail (obligatorio)\" value=\"\" type=\"email\" name=\"your-email\" \/><\/span>\n\t<\/p>\n<\/div>\n<div class=\"col-md-12\">\n\t<p><span class=\"wpcf7-form-control-wrap\" data-name=\"consultas\"><textarea cols=\"40\" rows=\"10\" maxlength=\"2000\" class=\"wpcf7-form-control wpcf7-textarea\" aria-invalid=\"false\" placeholder=\"Quina \u00e9s la teva consulta?\" name=\"consultas\"><\/textarea><\/span>\n\t<\/p>\n<\/div>\n<div class=\"col-md-12 politicas\">\n\t<p><span class=\"wpcf7-form-control-wrap\" data-name=\"politicas\"><span class=\"wpcf7-form-control wpcf7-acceptance\"><span class=\"wpcf7-list-item\"><input type=\"checkbox\" name=\"politicas\" value=\"1\" aria-invalid=\"false\" \/><\/span><\/span><\/span> He llegit i accepto la <a href=\"\/ca\/politica-de-privacitat\/\" target=\"_blank\" style=\"color:#FFF;\">pol\u00edtica de privacitat<\/a>\n\t<\/p>\n<\/div>\n<div class=\"col-md-12\" style=\"margin:auto auto; text-align:left;margin-bottom:5px;\">\n\t<div class=\"col-md-12\" style=\"height: 60px; overflow: scroll; overflow-x:hidden; font-size: 0.6em; line-height: 110%; color: white; background-color:#00A7D8;border:1px solid white; text-align:justify;\">\n\t\t<p>En compliment de la normativa vigent de Protecci\u00f3 de Dades de Car\u00e0cter Personal, li comuniquem que les dades recollides en el present formulari quedaran incorporats i seran tractats en el fitxer denominat Usuaris Web sota la responsabilitat de RAM\u00d3N ONANDIA ALSIUS amb la finalitat de poder prestar els seus serveis, aix\u00ed com per a mantenir-me informat sobre q\u00fcestions relatives a l'activitat de l'empresa.<br \/>\nL'informem que les dades que ens faciliti seran tractats de forma lleial, transparent, adequada, pertinent, limitada, exacta i actualitzada i no es comunicaran o cediran a tercers, exceptuant que aquesta comunicaci\u00f3 sigui necess\u00e0ria o pugui suposar una millora per a la finalitat d'aquests, sempre concorde a la normativa vigent en mat\u00e8ria de protecci\u00f3 de dades, Reglament General de Protecci\u00f3 de Dades.<br \/>\nEn el cas que es produeixin canvis en algunes de les dades facilitades, amb la finalitat de mantenir el nostre fitxer actualitzat, li preguem, ens el comuniqui per escrit.<br \/>\nL'informem de la possibilitat que t\u00e9 d'exercir els drets d'acc\u00e9s, rectificaci\u00f3, supressi\u00f3, oposici\u00f3, limitaci\u00f3 del tractament i portabilitat de les seves dades de car\u00e0cter personal de forma presencial en les oficines de RAM\u00d3N ONANDIA ALSIUS, acompanyant c\u00f2pia de DNI, o b\u00e9 mitjan\u00e7ant correu postal a RAMBLA CATALUNYA 87 2n D de BARCELONA, 08008 BARCELONA, o correu electr\u00f2nic roa@onandia.com.\n\t\t<\/p>\n\t<\/div>\n<\/div>\n<div class=\"col-md-12\" style=\"text-align:center;\">\n\n<\/div>\n<div class=\"col-md-12\" style=\"text-align:center;\">\n\t<p><input class=\"wpcf7-form-control wpcf7-submit has-spinner btn-enviar-form\" type=\"submit\" value=\"ENVIAR\" \/>\n\t<\/p>\n<\/div><div class=\"fusion-alert alert custom alert-custom fusion-alert-center wpcf7-response-output awb-alert-native-link-color alert-dismissable awb-alert-close-boxed\" style=\"--awb-border-size:1px;--awb-border-top-left-radius:0px;--awb-border-top-right-radius:0px;--awb-border-bottom-left-radius:0px;--awb-border-bottom-right-radius:0px;\" role=\"alert\"><div class=\"fusion-alert-content-wrapper\"><span class=\"fusion-alert-content\"><\/span><\/div><button type=\"button\" class=\"close toggle-alert\" data-dismiss=\"alert\" aria-label=\"Close\">&times;<\/button><\/div>\n<\/form>\n<\/div>\n<\/div><\/div><div class=\"fusion-layout-column fusion_builder_column fusion-builder-column-4 fusion_builder_column_1_5 1_5 fusion-flex-column\" style=\"--awb-bg-size:cover;--awb-width-large:20%;--awb-margin-top-large:0px;--awb-spacing-right-large:9.6%;--awb-margin-bottom-large:20px;--awb-spacing-left-large:9.6%;--awb-width-medium:100%;--awb-order-medium:0;--awb-spacing-right-medium:1.92%;--awb-spacing-left-medium:1.92%;--awb-width-small:100%;--awb-order-small:0;--awb-spacing-right-small:1.92%;--awb-spacing-left-small:1.92%;\"><div class=\"fusion-column-wrapper fusion-column-has-shadow fusion-flex-justify-content-flex-start fusion-content-layout-column\"><\/div><\/div><\/div><\/div>\n<\/p>\n\n\n<div class=\"kk-star-ratings kksr-auto kksr-align-left kksr-valign-bottom\"\n    data-payload='{&quot;align&quot;:&quot;left&quot;,&quot;id&quot;:&quot;7245&quot;,&quot;slug&quot;:&quot;default&quot;,&quot;valign&quot;:&quot;bottom&quot;,&quot;ignore&quot;:&quot;&quot;,&quot;reference&quot;:&quot;auto&quot;,&quot;class&quot;:&quot;&quot;,&quot;count&quot;:&quot;2&quot;,&quot;legendonly&quot;:&quot;&quot;,&quot;readonly&quot;:&quot;&quot;,&quot;score&quot;:&quot;5&quot;,&quot;starsonly&quot;:&quot;&quot;,&quot;best&quot;:&quot;5&quot;,&quot;gap&quot;:&quot;0&quot;,&quot;greet&quot;:&quot;&quot;,&quot;legend&quot;:&quot;5\\\/5 - (2 votes)&quot;,&quot;size&quot;:&quot;24&quot;,&quot;title&quot;:&quot;Indemnitzaci\u00f3 per defunci\u00f3 en accident laboral: qui paga, quant i a qui&quot;,&quot;width&quot;:&quot;120&quot;,&quot;_legend&quot;:&quot;{score}\\\/{best} - ({count} {votes})&quot;,&quot;font_factor&quot;:&quot;1.25&quot;}'>\n            \n<div class=\"kksr-stars\">\n    \n<div class=\"kksr-stars-inactive\">\n            <div class=\"kksr-star\" data-star=\"1\" style=\"padding-right: 0px\">\n            \n\n<div class=\"kksr-icon\" style=\"width: 24px; height: 24px;\"><\/div>\n        <\/div>\n            <div class=\"kksr-star\" data-star=\"2\" style=\"padding-right: 0px\">\n            \n\n<div class=\"kksr-icon\" style=\"width: 24px; height: 24px;\"><\/div>\n        <\/div>\n            <div class=\"kksr-star\" data-star=\"3\" style=\"padding-right: 0px\">\n            \n\n<div class=\"kksr-icon\" style=\"width: 24px; height: 24px;\"><\/div>\n        <\/div>\n            <div class=\"kksr-star\" data-star=\"4\" style=\"padding-right: 0px\">\n            \n\n<div class=\"kksr-icon\" style=\"width: 24px; height: 24px;\"><\/div>\n        <\/div>\n            <div class=\"kksr-star\" data-star=\"5\" style=\"padding-right: 0px\">\n            \n\n<div class=\"kksr-icon\" style=\"width: 24px; height: 24px;\"><\/div>\n        <\/div>\n    <\/div>\n    \n<div class=\"kksr-stars-active\" style=\"width: 120px;\">\n            <div class=\"kksr-star\" style=\"padding-right: 0px\">\n            \n\n<div class=\"kksr-icon\" style=\"width: 24px; height: 24px;\"><\/div>\n        <\/div>\n            <div class=\"kksr-star\" style=\"padding-right: 0px\">\n            \n\n<div class=\"kksr-icon\" style=\"width: 24px; height: 24px;\"><\/div>\n        <\/div>\n            <div class=\"kksr-star\" style=\"padding-right: 0px\">\n            \n\n<div class=\"kksr-icon\" style=\"width: 24px; height: 24px;\"><\/div>\n        <\/div>\n            <div class=\"kksr-star\" style=\"padding-right: 0px\">\n            \n\n<div class=\"kksr-icon\" style=\"width: 24px; height: 24px;\"><\/div>\n        <\/div>\n            <div class=\"kksr-star\" style=\"padding-right: 0px\">\n            \n\n<div class=\"kksr-icon\" style=\"width: 24px; height: 24px;\"><\/div>\n        <\/div>\n    <\/div>\n<\/div>\n                \n\n<div class=\"kksr-legend\" style=\"font-size: 19.2px;\">\n            5\/5 - (2 votes)    <\/div>\n    <\/div>\n","protected":false},"excerpt":{"rendered":"","protected":false},"author":2,"featured_media":7250,"comment_status":"closed","ping_status":"closed","sticky":false,"template":"","format":"standard","meta":{"footnotes":""},"categories":[156],"tags":[],"class_list":["post-7245","post","type-post","status-publish","format-standard","has-post-thumbnail","hentry","category-accidents-laborals"],"yoast_head":"<!-- This site is optimized with the Yoast SEO plugin v27.4 - https:\/\/yoast.com\/product\/yoast-seo-wordpress\/ -->\n<title>Quina \u00e9s la indemnitzaci\u00f3 per defunci\u00f3 en accident laboral?<\/title>\n<meta name=\"description\" content=\"M\u00faltiples factors determinen la quantia d&#039;una indemnitzaci\u00f3 per defunci\u00f3 en accident laboral, entre ells, de qui \u00e9s la culpa. T&#039;ho expliquem.\" \/>\n<meta name=\"robots\" content=\"index, follow, max-snippet:-1, max-image-preview:large, max-video-preview:-1\" \/>\n<link rel=\"canonical\" href=\"https:\/\/onandia-abogados.com\/ca\/blog\/indemnitzacio-defuncio-accident-laboral\/\" \/>\n<meta property=\"og:locale\" content=\"ca_ES\" \/>\n<meta property=\"og:type\" content=\"article\" \/>\n<meta property=\"og:title\" content=\"Quina \u00e9s la indemnitzaci\u00f3 per defunci\u00f3 en accident laboral?\" \/>\n<meta property=\"og:description\" content=\"M\u00faltiples factors determinen la quantia d&#039;una indemnitzaci\u00f3 per defunci\u00f3 en accident laboral, entre ells, de qui \u00e9s la culpa. T&#039;ho expliquem.\" \/>\n<meta property=\"og:url\" content=\"https:\/\/onandia-abogados.com\/ca\/blog\/indemnitzacio-defuncio-accident-laboral\/\" \/>\n<meta property=\"og:site_name\" content=\"\u2705 Abogados especialistas en Accidentes Barcelona | Onandia\" \/>\n<meta property=\"article:published_time\" content=\"2022-03-29T08:00:44+00:00\" \/>\n<meta property=\"article:modified_time\" content=\"2024-06-25T11:18:50+00:00\" \/>\n<meta property=\"og:image\" content=\"https:\/\/onandia-abogados.com\/wp-content\/uploads\/2022\/03\/treballador-accidentat.jpg\" \/>\n\t<meta property=\"og:image:width\" content=\"353\" \/>\n\t<meta property=\"og:image:height\" content=\"212\" \/>\n\t<meta property=\"og:image:type\" content=\"image\/jpeg\" \/>\n<meta name=\"author\" content=\"Ram\u00f3n Onandia\" \/>\n<script type=\"application\/ld+json\" class=\"yoast-schema-graph\">{\"@context\":\"https:\\\/\\\/schema.org\",\"@graph\":[{\"@type\":\"Article\",\"@id\":\"https:\\\/\\\/onandia-abogados.com\\\/ca\\\/blog\\\/indemnitzacio-defuncio-accident-laboral\\\/#article\",\"isPartOf\":{\"@id\":\"https:\\\/\\\/onandia-abogados.com\\\/ca\\\/blog\\\/indemnitzacio-defuncio-accident-laboral\\\/\"},\"author\":{\"name\":\"Ram\u00f3n Onandia\",\"@id\":\"https:\\\/\\\/onandia-abogados.com\\\/ca\\\/#\\\/schema\\\/person\\\/39b20a8caea66caba59cefc6542aef9a\"},\"headline\":\"Indemnitzaci\u00f3 per defunci\u00f3 en accident laboral: qui paga, quant i a qui\",\"datePublished\":\"2022-03-29T08:00:44+00:00\",\"dateModified\":\"2024-06-25T11:18:50+00:00\",\"mainEntityOfPage\":{\"@id\":\"https:\\\/\\\/onandia-abogados.com\\\/ca\\\/blog\\\/indemnitzacio-defuncio-accident-laboral\\\/\"},\"wordCount\":1683,\"publisher\":{\"@id\":\"https:\\\/\\\/onandia-abogados.com\\\/ca\\\/#organization\"},\"image\":{\"@id\":\"https:\\\/\\\/onandia-abogados.com\\\/ca\\\/blog\\\/indemnitzacio-defuncio-accident-laboral\\\/#primaryimage\"},\"thumbnailUrl\":\"https:\\\/\\\/onandia-abogados.com\\\/wp-content\\\/uploads\\\/2022\\\/03\\\/treballador-accidentat.jpg\",\"articleSection\":[\"Accidents Laborals\"],\"inLanguage\":\"ca\"},{\"@type\":\"WebPage\",\"@id\":\"https:\\\/\\\/onandia-abogados.com\\\/ca\\\/blog\\\/indemnitzacio-defuncio-accident-laboral\\\/\",\"url\":\"https:\\\/\\\/onandia-abogados.com\\\/ca\\\/blog\\\/indemnitzacio-defuncio-accident-laboral\\\/\",\"name\":\"Quina \u00e9s la indemnitzaci\u00f3 per defunci\u00f3 en accident laboral?\",\"isPartOf\":{\"@id\":\"https:\\\/\\\/onandia-abogados.com\\\/ca\\\/#website\"},\"primaryImageOfPage\":{\"@id\":\"https:\\\/\\\/onandia-abogados.com\\\/ca\\\/blog\\\/indemnitzacio-defuncio-accident-laboral\\\/#primaryimage\"},\"image\":{\"@id\":\"https:\\\/\\\/onandia-abogados.com\\\/ca\\\/blog\\\/indemnitzacio-defuncio-accident-laboral\\\/#primaryimage\"},\"thumbnailUrl\":\"https:\\\/\\\/onandia-abogados.com\\\/wp-content\\\/uploads\\\/2022\\\/03\\\/treballador-accidentat.jpg\",\"datePublished\":\"2022-03-29T08:00:44+00:00\",\"dateModified\":\"2024-06-25T11:18:50+00:00\",\"description\":\"M\u00faltiples factors determinen la quantia d'una indemnitzaci\u00f3 per defunci\u00f3 en accident laboral, entre ells, de qui \u00e9s la culpa. T'ho expliquem.\",\"breadcrumb\":{\"@id\":\"https:\\\/\\\/onandia-abogados.com\\\/ca\\\/blog\\\/indemnitzacio-defuncio-accident-laboral\\\/#breadcrumb\"},\"inLanguage\":\"ca\",\"potentialAction\":[{\"@type\":\"ReadAction\",\"target\":[\"https:\\\/\\\/onandia-abogados.com\\\/ca\\\/blog\\\/indemnitzacio-defuncio-accident-laboral\\\/\"]}]},{\"@type\":\"ImageObject\",\"inLanguage\":\"ca\",\"@id\":\"https:\\\/\\\/onandia-abogados.com\\\/ca\\\/blog\\\/indemnitzacio-defuncio-accident-laboral\\\/#primaryimage\",\"url\":\"https:\\\/\\\/onandia-abogados.com\\\/wp-content\\\/uploads\\\/2022\\\/03\\\/treballador-accidentat.jpg\",\"contentUrl\":\"https:\\\/\\\/onandia-abogados.com\\\/wp-content\\\/uploads\\\/2022\\\/03\\\/treballador-accidentat.jpg\",\"width\":353,\"height\":212,\"caption\":\"Imatge de treballador accidentat\"},{\"@type\":\"BreadcrumbList\",\"@id\":\"https:\\\/\\\/onandia-abogados.com\\\/ca\\\/blog\\\/indemnitzacio-defuncio-accident-laboral\\\/#breadcrumb\",\"itemListElement\":[{\"@type\":\"ListItem\",\"position\":1,\"name\":\"Portada\",\"item\":\"https:\\\/\\\/onandia-abogados.com\\\/ca\\\/\"},{\"@type\":\"ListItem\",\"position\":2,\"name\":\"Indemnitzaci\u00f3 per defunci\u00f3 en accident laboral: qui paga, quant i a qui\"}]},{\"@type\":\"WebSite\",\"@id\":\"https:\\\/\\\/onandia-abogados.com\\\/ca\\\/#website\",\"url\":\"https:\\\/\\\/onandia-abogados.com\\\/ca\\\/\",\"name\":\"Abogados Onandia Barcelona\",\"description\":\"Advocats especialistes en accidents de tr\u00e0nsit\",\"publisher\":{\"@id\":\"https:\\\/\\\/onandia-abogados.com\\\/ca\\\/#organization\"},\"potentialAction\":[{\"@type\":\"SearchAction\",\"target\":{\"@type\":\"EntryPoint\",\"urlTemplate\":\"https:\\\/\\\/onandia-abogados.com\\\/ca\\\/?s={search_term_string}\"},\"query-input\":{\"@type\":\"PropertyValueSpecification\",\"valueRequired\":true,\"valueName\":\"search_term_string\"}}],\"inLanguage\":\"ca\"},{\"@type\":\"Organization\",\"@id\":\"https:\\\/\\\/onandia-abogados.com\\\/ca\\\/#organization\",\"name\":\"Onandia Abogados\",\"url\":\"https:\\\/\\\/onandia-abogados.com\\\/ca\\\/\",\"logo\":{\"@type\":\"ImageObject\",\"inLanguage\":\"ca\",\"@id\":\"https:\\\/\\\/onandia-abogados.com\\\/ca\\\/#\\\/schema\\\/logo\\\/image\\\/\",\"url\":\"https:\\\/\\\/onandia-abogados.com\\\/wp-content\\\/uploads\\\/2023\\\/05\\\/abogados-onandia.svg\",\"contentUrl\":\"https:\\\/\\\/onandia-abogados.com\\\/wp-content\\\/uploads\\\/2023\\\/05\\\/abogados-onandia.svg\",\"width\":751,\"height\":262,\"caption\":\"Onandia Abogados\"},\"image\":{\"@id\":\"https:\\\/\\\/onandia-abogados.com\\\/ca\\\/#\\\/schema\\\/logo\\\/image\\\/\"}},{\"@type\":\"Person\",\"@id\":\"https:\\\/\\\/onandia-abogados.com\\\/ca\\\/#\\\/schema\\\/person\\\/39b20a8caea66caba59cefc6542aef9a\",\"name\":\"Ram\u00f3n Onandia\",\"image\":{\"@type\":\"ImageObject\",\"inLanguage\":\"ca\",\"@id\":\"https:\\\/\\\/onandia-abogados.com\\\/wp-content\\\/litespeed\\\/avatar\\\/c77ad4db75b48839e4afd3cf065bf8e6.jpg?ver=1777565789\",\"url\":\"https:\\\/\\\/onandia-abogados.com\\\/wp-content\\\/litespeed\\\/avatar\\\/c77ad4db75b48839e4afd3cf065bf8e6.jpg?ver=1777565789\",\"contentUrl\":\"https:\\\/\\\/onandia-abogados.com\\\/wp-content\\\/litespeed\\\/avatar\\\/c77ad4db75b48839e4afd3cf065bf8e6.jpg?ver=1777565789\",\"caption\":\"Ram\u00f3n Onandia\"},\"description\":\"Ram\u00f3n Onandia es abogado del despacho Onandia Abogados de Barcelona, especializado en la reclamaci\u00f3n de indemnizaciones por accidente de tr\u00e1fico, accidentes laborales y negligencias m\u00e9dicas.\",\"sameAs\":[\"https:\\\/\\\/onandia-abogados.com\"],\"url\":\"https:\\\/\\\/onandia-abogados.com\\\/abogado-ramon-onandia-alsius\\\/\"}]}<\/script>\n<!-- \/ Yoast SEO plugin. -->","yoast_head_json":{"title":"Quina \u00e9s la indemnitzaci\u00f3 per defunci\u00f3 en accident laboral?","description":"M\u00faltiples factors determinen la quantia d'una indemnitzaci\u00f3 per defunci\u00f3 en accident laboral, entre ells, de qui \u00e9s la culpa. T'ho expliquem.","robots":{"index":"index","follow":"follow","max-snippet":"max-snippet:-1","max-image-preview":"max-image-preview:large","max-video-preview":"max-video-preview:-1"},"canonical":"https:\/\/onandia-abogados.com\/ca\/blog\/indemnitzacio-defuncio-accident-laboral\/","og_locale":"ca_ES","og_type":"article","og_title":"Quina \u00e9s la indemnitzaci\u00f3 per defunci\u00f3 en accident laboral?","og_description":"M\u00faltiples factors determinen la quantia d'una indemnitzaci\u00f3 per defunci\u00f3 en accident laboral, entre ells, de qui \u00e9s la culpa. T'ho expliquem.","og_url":"https:\/\/onandia-abogados.com\/ca\/blog\/indemnitzacio-defuncio-accident-laboral\/","og_site_name":"\u2705 Abogados especialistas en Accidentes Barcelona | Onandia","article_published_time":"2022-03-29T08:00:44+00:00","article_modified_time":"2024-06-25T11:18:50+00:00","og_image":[{"width":353,"height":212,"url":"https:\/\/onandia-abogados.com\/wp-content\/uploads\/2022\/03\/treballador-accidentat.jpg","type":"image\/jpeg"}],"author":"Ram\u00f3n Onandia","schema":{"@context":"https:\/\/schema.org","@graph":[{"@type":"Article","@id":"https:\/\/onandia-abogados.com\/ca\/blog\/indemnitzacio-defuncio-accident-laboral\/#article","isPartOf":{"@id":"https:\/\/onandia-abogados.com\/ca\/blog\/indemnitzacio-defuncio-accident-laboral\/"},"author":{"name":"Ram\u00f3n Onandia","@id":"https:\/\/onandia-abogados.com\/ca\/#\/schema\/person\/39b20a8caea66caba59cefc6542aef9a"},"headline":"Indemnitzaci\u00f3 per defunci\u00f3 en accident laboral: qui paga, quant i a qui","datePublished":"2022-03-29T08:00:44+00:00","dateModified":"2024-06-25T11:18:50+00:00","mainEntityOfPage":{"@id":"https:\/\/onandia-abogados.com\/ca\/blog\/indemnitzacio-defuncio-accident-laboral\/"},"wordCount":1683,"publisher":{"@id":"https:\/\/onandia-abogados.com\/ca\/#organization"},"image":{"@id":"https:\/\/onandia-abogados.com\/ca\/blog\/indemnitzacio-defuncio-accident-laboral\/#primaryimage"},"thumbnailUrl":"https:\/\/onandia-abogados.com\/wp-content\/uploads\/2022\/03\/treballador-accidentat.jpg","articleSection":["Accidents Laborals"],"inLanguage":"ca"},{"@type":"WebPage","@id":"https:\/\/onandia-abogados.com\/ca\/blog\/indemnitzacio-defuncio-accident-laboral\/","url":"https:\/\/onandia-abogados.com\/ca\/blog\/indemnitzacio-defuncio-accident-laboral\/","name":"Quina \u00e9s la indemnitzaci\u00f3 per defunci\u00f3 en accident laboral?","isPartOf":{"@id":"https:\/\/onandia-abogados.com\/ca\/#website"},"primaryImageOfPage":{"@id":"https:\/\/onandia-abogados.com\/ca\/blog\/indemnitzacio-defuncio-accident-laboral\/#primaryimage"},"image":{"@id":"https:\/\/onandia-abogados.com\/ca\/blog\/indemnitzacio-defuncio-accident-laboral\/#primaryimage"},"thumbnailUrl":"https:\/\/onandia-abogados.com\/wp-content\/uploads\/2022\/03\/treballador-accidentat.jpg","datePublished":"2022-03-29T08:00:44+00:00","dateModified":"2024-06-25T11:18:50+00:00","description":"M\u00faltiples factors determinen la quantia d'una indemnitzaci\u00f3 per defunci\u00f3 en accident laboral, entre ells, de qui \u00e9s la culpa. T'ho expliquem.","breadcrumb":{"@id":"https:\/\/onandia-abogados.com\/ca\/blog\/indemnitzacio-defuncio-accident-laboral\/#breadcrumb"},"inLanguage":"ca","potentialAction":[{"@type":"ReadAction","target":["https:\/\/onandia-abogados.com\/ca\/blog\/indemnitzacio-defuncio-accident-laboral\/"]}]},{"@type":"ImageObject","inLanguage":"ca","@id":"https:\/\/onandia-abogados.com\/ca\/blog\/indemnitzacio-defuncio-accident-laboral\/#primaryimage","url":"https:\/\/onandia-abogados.com\/wp-content\/uploads\/2022\/03\/treballador-accidentat.jpg","contentUrl":"https:\/\/onandia-abogados.com\/wp-content\/uploads\/2022\/03\/treballador-accidentat.jpg","width":353,"height":212,"caption":"Imatge de treballador accidentat"},{"@type":"BreadcrumbList","@id":"https:\/\/onandia-abogados.com\/ca\/blog\/indemnitzacio-defuncio-accident-laboral\/#breadcrumb","itemListElement":[{"@type":"ListItem","position":1,"name":"Portada","item":"https:\/\/onandia-abogados.com\/ca\/"},{"@type":"ListItem","position":2,"name":"Indemnitzaci\u00f3 per defunci\u00f3 en accident laboral: qui paga, quant i a qui"}]},{"@type":"WebSite","@id":"https:\/\/onandia-abogados.com\/ca\/#website","url":"https:\/\/onandia-abogados.com\/ca\/","name":"Abogados Onandia Barcelona","description":"Advocats especialistes en accidents de tr\u00e0nsit","publisher":{"@id":"https:\/\/onandia-abogados.com\/ca\/#organization"},"potentialAction":[{"@type":"SearchAction","target":{"@type":"EntryPoint","urlTemplate":"https:\/\/onandia-abogados.com\/ca\/?s={search_term_string}"},"query-input":{"@type":"PropertyValueSpecification","valueRequired":true,"valueName":"search_term_string"}}],"inLanguage":"ca"},{"@type":"Organization","@id":"https:\/\/onandia-abogados.com\/ca\/#organization","name":"Onandia Abogados","url":"https:\/\/onandia-abogados.com\/ca\/","logo":{"@type":"ImageObject","inLanguage":"ca","@id":"https:\/\/onandia-abogados.com\/ca\/#\/schema\/logo\/image\/","url":"https:\/\/onandia-abogados.com\/wp-content\/uploads\/2023\/05\/abogados-onandia.svg","contentUrl":"https:\/\/onandia-abogados.com\/wp-content\/uploads\/2023\/05\/abogados-onandia.svg","width":751,"height":262,"caption":"Onandia Abogados"},"image":{"@id":"https:\/\/onandia-abogados.com\/ca\/#\/schema\/logo\/image\/"}},{"@type":"Person","@id":"https:\/\/onandia-abogados.com\/ca\/#\/schema\/person\/39b20a8caea66caba59cefc6542aef9a","name":"Ram\u00f3n Onandia","image":{"@type":"ImageObject","inLanguage":"ca","@id":"https:\/\/onandia-abogados.com\/wp-content\/litespeed\/avatar\/c77ad4db75b48839e4afd3cf065bf8e6.jpg?ver=1777565789","url":"https:\/\/onandia-abogados.com\/wp-content\/litespeed\/avatar\/c77ad4db75b48839e4afd3cf065bf8e6.jpg?ver=1777565789","contentUrl":"https:\/\/onandia-abogados.com\/wp-content\/litespeed\/avatar\/c77ad4db75b48839e4afd3cf065bf8e6.jpg?ver=1777565789","caption":"Ram\u00f3n Onandia"},"description":"Ram\u00f3n Onandia es abogado del despacho Onandia Abogados de Barcelona, especializado en la reclamaci\u00f3n de indemnizaciones por accidente de tr\u00e1fico, accidentes laborales y negligencias m\u00e9dicas.","sameAs":["https:\/\/onandia-abogados.com"],"url":"https:\/\/onandia-abogados.com\/abogado-ramon-onandia-alsius\/"}]}},"_links":{"self":[{"href":"https:\/\/onandia-abogados.com\/ca\/wp-json\/wp\/v2\/posts\/7245","targetHints":{"allow":["GET"]}}],"collection":[{"href":"https:\/\/onandia-abogados.com\/ca\/wp-json\/wp\/v2\/posts"}],"about":[{"href":"https:\/\/onandia-abogados.com\/ca\/wp-json\/wp\/v2\/types\/post"}],"author":[{"embeddable":true,"href":"https:\/\/onandia-abogados.com\/ca\/wp-json\/wp\/v2\/users\/2"}],"replies":[{"embeddable":true,"href":"https:\/\/onandia-abogados.com\/ca\/wp-json\/wp\/v2\/comments?post=7245"}],"version-history":[{"count":0,"href":"https:\/\/onandia-abogados.com\/ca\/wp-json\/wp\/v2\/posts\/7245\/revisions"}],"wp:featuredmedia":[{"embeddable":true,"href":"https:\/\/onandia-abogados.com\/ca\/wp-json\/wp\/v2\/media\/7250"}],"wp:attachment":[{"href":"https:\/\/onandia-abogados.com\/ca\/wp-json\/wp\/v2\/media?parent=7245"}],"wp:term":[{"taxonomy":"category","embeddable":true,"href":"https:\/\/onandia-abogados.com\/ca\/wp-json\/wp\/v2\/categories?post=7245"},{"taxonomy":"post_tag","embeddable":true,"href":"https:\/\/onandia-abogados.com\/ca\/wp-json\/wp\/v2\/tags?post=7245"}],"curies":[{"name":"wp","href":"https:\/\/api.w.org\/{rel}","templated":true}]}}