{"id":7300,"date":"2021-09-01T09:26:04","date_gmt":"2021-09-01T09:26:04","guid":{"rendered":"https:\/\/onandia-abogados.com\/blog\/que-hacer-si-te-deniegan-la-incapacidad-permanente\/"},"modified":"2024-06-25T13:05:30","modified_gmt":"2024-06-25T13:05:30","slug":"que-fer-si-et-deneguen-la-incapacitat-permanent","status":"publish","type":"post","link":"https:\/\/onandia-abogados.com\/ca\/blog\/que-fer-si-et-deneguen-la-incapacitat-permanent\/","title":{"rendered":"Qu\u00e8 fer si et deneguen la incapacitat permanent?"},"content":{"rendered":"<p><div class=\"fusion-fullwidth fullwidth-box fusion-builder-row-1 fusion-flex-container nonhundred-percent-fullwidth non-hundred-percent-height-scrolling\" style=\"--awb-border-radius-top-left:0px;--awb-border-radius-top-right:0px;--awb-border-radius-bottom-right:0px;--awb-border-radius-bottom-left:0px;--awb-flex-wrap:wrap;\" ><div class=\"fusion-builder-row fusion-row fusion-flex-align-items-flex-start fusion-flex-content-wrap\" style=\"max-width:1352px;margin-left: calc(-4% \/ 2 );margin-right: calc(-4% \/ 2 );\"><div class=\"fusion-layout-column fusion_builder_column fusion-builder-column-0 fusion_builder_column_1_1 1_1 fusion-flex-column\" style=\"--awb-bg-size:cover;--awb-width-large:100%;--awb-margin-top-large:0px;--awb-spacing-right-large:1.92%;--awb-margin-bottom-large:0px;--awb-spacing-left-large:1.92%;--awb-width-medium:100%;--awb-spacing-right-medium:1.92%;--awb-spacing-left-medium:1.92%;--awb-width-small:100%;--awb-spacing-right-small:1.92%;--awb-spacing-left-small:1.92%;\"><div class=\"fusion-column-wrapper fusion-flex-justify-content-flex-start fusion-content-layout-column\"><div class=\"fusion-text fusion-text-1\"><p><strong>La vida laboral de tota persona pot veure&#8217;s interrompuda per alguna malaltia o accident<\/strong> que comprometi la seva continu\u00eftat, algunes vegades de manera definitiva.<\/p>\n<p>Com a conseq\u00fc\u00e8ncia, si et trobes davant un proc\u00e9s traum\u00e0tic o patol\u00f2gic que redueix o anul\u00b7la la teva capacitat per a continuar al capdavant del teu lloc de treball, <strong>pots optar per sol\u00b7licitar la incapacitat permanent.<\/strong><\/p>\n<p>Per\u00f2 qu\u00e8 succeeix si te la deneguen? Vegem<strong> quins tipus<\/strong> d&#8217;incapacitat permanent existeixen, <strong>com es tramita<\/strong> la prestaci\u00f3 i per qu\u00e8 <strong>un advocat especialitzat pot ser vital en tot el proc\u00e9s per a aconseguir-la.<\/strong><\/p>\n<h2><strong>Qu\u00e8 \u00e9s la incapacitat permanent?<\/strong><\/h2>\n<p>En la seva modalitat contributiva, <strong>la incapacitat permanent \u00e9s una prestaci\u00f3 pensada per a cobrir la p\u00e8rdua de rendes salarials<\/strong> <strong>o professionals<\/strong> que sofreix una persona afectada per un proc\u00e9s patol\u00f2gic o traum\u00e0tic derivat d&#8217;una malaltia o accident que redueix la seva capacitat laboral de forma presumiblement definitiva.<\/p>\n<h3><strong>TIPUS I GRAUS D&#8217;INCAPACITAT PERMANENT<\/strong><\/h3>\n<p>Podem classificar la incapacitat permanent contributiva en quatre tipus:<\/p>\n<ul>\n<li><strong>Incapacitat permanent parcial:<\/strong> \u00e9s compatible amb qualsevol mena de treball, incl\u00f2s el que estiguessis desenvolupant. Per tant, mantens el dret a reincorporar-te al teu lloc de treball. Aix\u00f2 s\u00ed, es reconeix una disminuci\u00f3 del rendiment de treball no inferior al 33% i l&#8217;empresa podr\u00e0 reduir la teva n\u00f2mina en funci\u00f3 de la disminuci\u00f3 acordada d&#8217;hores de treball.<\/li>\n<li><strong>Incapacitat permanent total:<\/strong> \u00e9s compatible amb qualsevol activitat, per\u00f2 t&#8217;invalida per a fer les tasques de la teva professi\u00f3 habitual. Per a arribar a aquest grau, t&#8217;han de diagnosticar un grau de minusvalidesa igual o superior al 33%.<\/li>\n<li><strong>Incapacitat permanent absoluta<\/strong>: \u00e9s incompatible amb el treball per compte propi o ali\u00e8, \u00e9s a dir, no podr\u00e0s dur a terme la teva professi\u00f3 habitual ni cap altra.<\/li>\n<li><strong>Gran invalidesa<\/strong>: es concedeix quan la persona necessita assist\u00e8ncia d&#8217;una tercera persona per a organitzar la seva vida quotidiana i ja t\u00e9 concedida una pensi\u00f3 per incapacitat permanent.<\/li>\n<\/ul>\n<h2><strong>Com tramitar la prestaci\u00f3 per incapacitat permanent<\/strong><\/h2>\n<p><strong>\u00c9s l&#8217;Institut Nacional de la Seguretat Social l&#8217;encarregat d&#8217;avaluar, qualificar i revisar la incapacitat<\/strong>, aix\u00ed com de determinar les conting\u00e8ncies causants d&#8217;aquesta, per a recon\u00e8ixer el dret a una prestaci\u00f3 econ\u00f2mica contributiva per incapacitat permanent, en els seus diferents graus.<\/p>\n<h3><strong>ON ES TRAMITA UNA INCAPACITAT PERMANENT?<\/strong><\/h3>\n<p>La prestaci\u00f3 per incapacitat permanent es tramitaria, per tant, en l&#8217;adre\u00e7a provincial de l&#8217;INSS on tinguis el teu domicili. En aquest sentit, seran<strong> les direccions provincials de l&#8217;INSS<\/strong>, a trav\u00e9s dels seus Equips d&#8217;Avaluaci\u00f3 d&#8217;Incapacitats, les que decideixin en totes les fases del procediment.<\/p>\n<h3><strong>QUANT ES COBRA PER UNA INCAPACITAT PERMANENT?<\/strong><\/h3>\n<p>Hi ha dos aspectes que es tindran en compte a l&#8217;hora de calcular la pensi\u00f3:<\/p>\n<p>1. <strong>La base reguladora<\/strong>: aquesta varia segons quin sigui la causa de la incapacitat permanent. Sol resultar m\u00e9s benefici\u00f3s que la incapacitat permanent provingui d&#8217;un accident o malaltia professional (es t\u00e9 en compte el cotitzat l&#8217;\u00faltim any) que d&#8217;una malaltia comuna (es prenen per al c\u00e0lcul els \u00faltims vuit anys cotitzats).<br \/>\n2. <strong>El grau d&#8217;incapacitat concedit<\/strong>: parcial, total, absoluta o gran invalidesa. Com m\u00e9s alt sigui el grau, m\u00e9s percentatge de base reguladora. Com a exemple, per a la total es pren el 55% i per a l&#8217;absoluta i gran invalidesa el 100%.<\/p>\n<p>Aix\u00ed mateix, \u00e9s necessari tenir un per\u00edode de cotitzaci\u00f3 m\u00ednim, sempre que la incapacitat provingui d&#8217;una malaltia comuna. No vaig agafar en les incapacitats permanents derivades d&#8217;accident (laboral o no) o malaltia professional, i en aquest cas no s&#8217;exigeix per\u00edode m\u00ednim de cotitzaci\u00f3.<\/p>\n<h2><strong>Per qu\u00e8 \u00e9s tan important un advocat si et deneguen la incapacitat permanent?<\/strong><\/h2>\n<p>Si la Seguretat Social emet la <strong>denegaci\u00f3 d&#8217;una incapacitat permanent<\/strong> (alguna cosa que sol ser molt comuna), recorda que <strong>el primer pas \u00e9s reincorporar-te al teu lloc de treball<\/strong> (si est\u00e0s treballant), per a no posar-ho en perill.<br \/>\nSi la reincorporaci\u00f3 continua sent inviable pel teu estat de salut, agafa&#8217;t les vacances generades i no gaudides o sol\u00b7licita un reconeixement m\u00e8dic a l&#8217;empresa.<br \/>\nMentrestant, existeixen mecanismes per a reclamar, tant si no s&#8217;aprova la incapacitat permanent com si no est\u00e0s d&#8217;acord amb el grau concedit. En tot el proc\u00e9s, <strong>ser\u00e0 fonamental l&#8217;actuaci\u00f3 d&#8217;un advocat especialista:<\/strong><\/p>\n<p>1. <strong>Reclamaci\u00f3 pr\u00e8via via administrativa<\/strong>: \u00e9s un tr\u00e0mit administratiu mitjan\u00e7ant el qual sol\u00b7licites a l&#8217;INSS que torni a avaluar la sol\u00b7licitud inicial. Tens 30 dies h\u00e0bils des de la notificaci\u00f3 de l&#8217;INSS.<\/p>\n<p>2. <strong>Reclamaci\u00f3 per via judicial<\/strong>: si la resposta continua sent negativa, pots interposar una demanda judicial en un termini de 30 dies. El teu advocat haur\u00e0 d&#8217;estudiar si \u00e9s viable presentar una demanda d&#8217;incapacitat davant el Jutjat social, basant-se tant en criteris jur\u00eddics com metge-pericials. En aquest sentit, \u00e9s important recopilar informes m\u00e8dics exhaustius i determinants des del principi del proc\u00e9s.<\/p>\n<p>3. <strong>Recurs<\/strong>: si no es guanya el judici, es pot interposar un recurs davant el Tribunal Superior de Just\u00edcia corresponent. El Tribunal Suprem ser\u00e0 l&#8217;\u00faltima inst\u00e0ncia. En qualsevol cas, \u00e9s important consultar amb el teu advocat la conveni\u00e8ncia d&#8217;estendre el proc\u00e9s.<\/p>\n<p>4. <strong>Acomiadament objectiu<\/strong>: pot succeir que l&#8217;empresa opti per un acomiadament objectiu adduint ineptitud del treballador, coneguda o sobrevinguda amb posterioritat a la seva col\u00b7locaci\u00f3 efectiva en l&#8217;empresa. Per a aix\u00f2, aquesta ineptitud haur\u00e0 de reunir una s\u00e8rie de caracter\u00edstiques: que sigui permanent i no circumstancial, veritable i no simulada, etc. Aquest acomiadament porta aparellada una indemnitzaci\u00f3 de 20 dies per any treballat amb un l\u00edmit de 12 mensualitats.<\/p>\n<blockquote>\n<p>CONSELL\u00a0ONANDIA: la denegaci\u00f3 d&#8217;una incapacitat permanent t\u00e9 efectes des del mateix dia en qu\u00e8 se&#8217;t comunica, per la qual cosa, si estaves de baixa, estar\u00e0s de nou d&#8217;alta per a treballar. <strong>En un proc\u00e9s d&#8217;aquestes caracter\u00edstiques,<\/strong> amb tantes implicacions per a la teva vida i per a la teva salut, <strong>\u00e9s vital que et posis en mans d&#8217;un advocat especialista.<\/strong><\/p>\n<\/blockquote>\n<\/div><\/div><\/div><\/div><\/div><div class=\"fusion-fullwidth fullwidth-box fusion-builder-row-2 fusion-flex-container nonhundred-percent-fullwidth non-hundred-percent-height-scrolling\" style=\"--awb-border-radius-top-left:0px;--awb-border-radius-top-right:0px;--awb-border-radius-bottom-right:0px;--awb-border-radius-bottom-left:0px;--awb-flex-wrap:wrap;\" ><div class=\"fusion-builder-row fusion-row fusion-flex-align-items-flex-start fusion-flex-content-wrap\" style=\"max-width:1352px;margin-left: calc(-4% \/ 2 );margin-right: calc(-4% \/ 2 );\"><div class=\"fusion-layout-column fusion_builder_column fusion-builder-column-1 fusion_builder_column_1_1 1_1 fusion-flex-column\" style=\"--awb-bg-size:cover;--awb-width-large:100%;--awb-margin-top-large:0px;--awb-spacing-right-large:1.92%;--awb-margin-bottom-large:20px;--awb-spacing-left-large:1.92%;--awb-width-medium:100%;--awb-spacing-right-medium:1.92%;--awb-spacing-left-medium:1.92%;--awb-width-small:100%;--awb-spacing-right-small:1.92%;--awb-spacing-left-small:1.92%;\"><div class=\"fusion-column-wrapper fusion-flex-justify-content-flex-start fusion-content-layout-column\"><div style=\"text-align:center;\"><a class=\"fusion-button button-flat button-xlarge button-default fusion-button-default button-1 fusion-button-default-span fusion-button-default-type boton-negrita\" target=\"_self\" href=\"tel: 934 88 11 25 \"><span class=\"fusion-button-text awb-button__text awb-button__text--default\">T\u2019informem GRATIS: 934 88 11 25<\/span><i class=\"fa-chevron-right fas awb-button__icon awb-button__icon--default button-icon-right\" aria-hidden=\"true\"><\/i><\/a><\/div><\/div><\/div><\/div><\/div><div class=\"fusion-fullwidth fullwidth-box fusion-builder-row-3 fusion-flex-container has-pattern-background has-mask-background nonhundred-percent-fullwidth non-hundred-percent-height-scrolling\" style=\"--awb-border-radius-top-left:0px;--awb-border-radius-top-right:0px;--awb-border-radius-bottom-right:0px;--awb-border-radius-bottom-left:0px;--awb-padding-top:30px;--awb-margin-top:30px;--awb-flex-wrap:wrap;\" ><div class=\"fusion-builder-row fusion-row fusion-flex-align-items-flex-start fusion-flex-content-wrap\" style=\"max-width:1352px;margin-left: calc(-4% \/ 2 );margin-right: calc(-4% \/ 2 );\"><div class=\"fusion-layout-column fusion_builder_column fusion-builder-column-2 fusion_builder_column_1_5 1_5 fusion-flex-column\" style=\"--awb-bg-size:cover;--awb-width-large:20%;--awb-margin-top-large:0px;--awb-spacing-right-large:9.6%;--awb-margin-bottom-large:20px;--awb-spacing-left-large:9.6%;--awb-width-medium:100%;--awb-order-medium:0;--awb-spacing-right-medium:1.92%;--awb-spacing-left-medium:1.92%;--awb-width-small:100%;--awb-order-small:0;--awb-spacing-right-small:1.92%;--awb-spacing-left-small:1.92%;\"><div class=\"fusion-column-wrapper fusion-column-has-shadow fusion-flex-justify-content-flex-start fusion-content-layout-column\"><div class=\"fusion-image-element \" style=\"--awb-caption-title-font-family:var(--h2_typography-font-family);--awb-caption-title-font-weight:var(--h2_typography-font-weight);--awb-caption-title-font-style:var(--h2_typography-font-style);--awb-caption-title-size:var(--h2_typography-font-size);--awb-caption-title-transform:var(--h2_typography-text-transform);--awb-caption-title-line-height:var(--h2_typography-line-height);--awb-caption-title-letter-spacing:var(--h2_typography-letter-spacing);\"><span class=\" fusion-imageframe imageframe-none imageframe-1 hover-type-none\"><img decoding=\"async\" width=\"600\" height=\"600\" title=\"CTA-solo-cobramos-si-tu-cobras_CAT\" src=\"https:\/\/onandia-abogados.com\/wp-content\/uploads\/2025\/12\/CTA-solo-cobramos-si-tu-cobras_CAT.png\" data-orig-src=\"https:\/\/onandia-abogados.com\/wp-content\/uploads\/2025\/12\/CTA-solo-cobramos-si-tu-cobras_CAT.png\" alt class=\"lazyload img-responsive wp-image-109715\" srcset=\"data:image\/svg+xml,%3Csvg%20xmlns%3D%27http%3A%2F%2Fwww.w3.org%2F2000%2Fsvg%27%20width%3D%27600%27%20height%3D%27600%27%20viewBox%3D%270%200%20600%20600%27%3E%3Crect%20width%3D%27600%27%20height%3D%27600%27%20fill-opacity%3D%220%22%2F%3E%3C%2Fsvg%3E\" data-srcset=\"https:\/\/onandia-abogados.com\/wp-content\/uploads\/2025\/12\/CTA-solo-cobramos-si-tu-cobras_CAT-200x200.png 200w, https:\/\/onandia-abogados.com\/wp-content\/uploads\/2025\/12\/CTA-solo-cobramos-si-tu-cobras_CAT-400x400.png 400w, https:\/\/onandia-abogados.com\/wp-content\/uploads\/2025\/12\/CTA-solo-cobramos-si-tu-cobras_CAT.png 600w\" data-sizes=\"auto\" data-orig-sizes=\"(max-width: 1024px) 100vw, (max-width: 640px) 100vw, 400px\" \/><\/span><\/div><\/div><\/div><div class=\"fusion-layout-column fusion_builder_column fusion-builder-column-3 fusion_builder_column_3_5 3_5 fusion-flex-column\" style=\"--awb-overflow:hidden;--awb-bg-color:#00a7d8;--awb-bg-color-hover:#00a7d8;--awb-bg-size:cover;--awb-border-radius:5px 5px 5px 5px;--awb-width-large:60%;--awb-margin-top-large:0px;--awb-spacing-right-large:3.2%;--awb-margin-bottom-large:20px;--awb-spacing-left-large:3.2%;--awb-width-medium:100%;--awb-order-medium:0;--awb-spacing-right-medium:1.92%;--awb-spacing-left-medium:1.92%;--awb-width-small:100%;--awb-order-small:0;--awb-spacing-right-small:1.92%;--awb-spacing-left-small:1.92%;\" data-scroll-devices=\"small-visibility,medium-visibility,large-visibility\"><div class=\"fusion-column-wrapper fusion-column-has-shadow fusion-flex-justify-content-flex-start fusion-content-layout-column\"><div class=\"fusion-text fusion-text-2\"><div class=\"fusion-text fusion-text-2\"><\/div>\n<div class=\"row\" style=\"width: 100%; margin-left: 1px; background-color: #00a7d8; text-align: center; padding-top: 20px; padding-bottom: 20px; border-radius: 5px;\">\n<div class=\"col-md-12\"><span style=\"font-weight: bold; font-size: 28px; color: white; margin-top: 20px; padding-top: 20px;\">Comen\u00e7a ara la teva reclamaci\u00f3 GRATIS<\/span><\/div>\n<div class=\"col-md-12\">\n<div class=\"row\">\n<div class=\"col-md-5 col-xs-5\" style=\"text-align: right;\"><img decoding=\"async\" class=\"lazyload alignnone wp-image-5779\" src=\"data:image\/svg+xml,%3Csvg%20xmlns%3D%27http%3A%2F%2Fwww.w3.org%2F2000%2Fsvg%27%20width%3D%2765%27%20height%3D%2750%27%20viewBox%3D%270%200%2065%2050%27%3E%3Crect%20width%3D%2765%27%20height%3D%2750%27%20fill-opacity%3D%220%22%2F%3E%3C%2Fsvg%3E\" data-orig-src=\"https:\/\/onandia-abogados.com\/wp-content\/uploads\/2023\/02\/picto-consulta-rapida.png\" alt=\"Consulta r\u00e1pida\" width=\"65\" height=\"50\" \/><\/div>\n<div class=\"col-md-7 col-xs-7\" style=\"text-align: left; margin-bottom: 20px;\">\n<p><span style=\"font-weight: bold; font-size: 26px; color: white; margin-top: 20px; padding-top: 20px;\">Consulta r\u00e0pida 24h<\/span><\/p>\n<\/div>\n<\/div>\n<\/div>\n<\/div>\n<\/div>\n<div class=\"wpcf7 no-js\" id=\"wpcf7-f7921-o1\" lang=\"es-ES\" dir=\"ltr\" data-wpcf7-id=\"7921\">\n<div class=\"screen-reader-response\"><p role=\"status\" aria-live=\"polite\" aria-atomic=\"true\"><\/p> <ul><\/ul><\/div>\n<form action=\"\/ca\/wp-json\/wp\/v2\/posts\/7300#wpcf7-f7921-o1\" method=\"post\" class=\"wpcf7-form init\" aria-label=\"Formulario de contacto\" novalidate=\"novalidate\" data-status=\"init\">\n<fieldset class=\"hidden-fields-container\"><input type=\"hidden\" name=\"_wpcf7\" value=\"7921\" \/><input type=\"hidden\" name=\"_wpcf7_version\" value=\"6.1.5\" \/><input type=\"hidden\" name=\"_wpcf7_locale\" value=\"es_ES\" \/><input type=\"hidden\" name=\"_wpcf7_unit_tag\" value=\"wpcf7-f7921-o1\" \/><input type=\"hidden\" name=\"_wpcf7_container_post\" value=\"0\" \/><input type=\"hidden\" name=\"_wpcf7_posted_data_hash\" value=\"\" \/><input type=\"hidden\" name=\"_wpcf7_recaptcha_response\" value=\"\" \/>\n<\/fieldset>\n<div class=\"col-md-12\">\n\t<p><span class=\"wpcf7-form-control-wrap\" data-name=\"your-name\"><input size=\"40\" maxlength=\"400\" class=\"wpcf7-form-control wpcf7-text wpcf7-validates-as-required\" aria-required=\"true\" aria-invalid=\"false\" placeholder=\"Nom (obligatorio)\" value=\"\" type=\"text\" name=\"your-name\" \/><\/span>\n\t<\/p>\n<\/div>\n<div class=\"col-md-12\">\n\t<p><span class=\"wpcf7-form-control-wrap\" data-name=\"telefono\"><input size=\"40\" maxlength=\"400\" class=\"wpcf7-form-control wpcf7-tel wpcf7-validates-as-required wpcf7-text wpcf7-validates-as-tel\" aria-required=\"true\" aria-invalid=\"false\" placeholder=\"Tel\u00e8fon (obligatorio)\" value=\"\" type=\"tel\" name=\"telefono\" \/><\/span>\n\t<\/p>\n<\/div>\n<div class=\"col-md-12\">\n\t<p><span class=\"wpcf7-form-control-wrap\" data-name=\"your-email\"><input size=\"40\" maxlength=\"400\" class=\"wpcf7-form-control wpcf7-email wpcf7-validates-as-required wpcf7-text wpcf7-validates-as-email\" aria-required=\"true\" aria-invalid=\"false\" placeholder=\"E-mail (obligatorio)\" value=\"\" type=\"email\" name=\"your-email\" \/><\/span>\n\t<\/p>\n<\/div>\n<div class=\"col-md-12\">\n\t<p><span class=\"wpcf7-form-control-wrap\" data-name=\"consultas\"><textarea cols=\"40\" rows=\"10\" maxlength=\"2000\" class=\"wpcf7-form-control wpcf7-textarea\" aria-invalid=\"false\" placeholder=\"Quina \u00e9s la teva consulta?\" name=\"consultas\"><\/textarea><\/span>\n\t<\/p>\n<\/div>\n<div class=\"col-md-12 politicas\">\n\t<p><span class=\"wpcf7-form-control-wrap\" data-name=\"politicas\"><span class=\"wpcf7-form-control wpcf7-acceptance\"><span class=\"wpcf7-list-item\"><input type=\"checkbox\" name=\"politicas\" value=\"1\" aria-invalid=\"false\" \/><\/span><\/span><\/span> He llegit i accepto la <a href=\"\/ca\/politica-de-privacitat\/\" target=\"_blank\" style=\"color:#FFF;\">pol\u00edtica de privacitat<\/a>\n\t<\/p>\n<\/div>\n<div class=\"col-md-12\" style=\"margin:auto auto; text-align:left;margin-bottom:5px;\">\n\t<div class=\"col-md-12\" style=\"height: 60px; overflow: scroll; overflow-x:hidden; font-size: 0.6em; line-height: 110%; color: white; background-color:#00A7D8;border:1px solid white; text-align:justify;\">\n\t\t<p>En compliment de la normativa vigent de Protecci\u00f3 de Dades de Car\u00e0cter Personal, li comuniquem que les dades recollides en el present formulari quedaran incorporats i seran tractats en el fitxer denominat Usuaris Web sota la responsabilitat de RAM\u00d3N ONANDIA ALSIUS amb la finalitat de poder prestar els seus serveis, aix\u00ed com per a mantenir-me informat sobre q\u00fcestions relatives a l'activitat de l'empresa.<br \/>\nL'informem que les dades que ens faciliti seran tractats de forma lleial, transparent, adequada, pertinent, limitada, exacta i actualitzada i no es comunicaran o cediran a tercers, exceptuant que aquesta comunicaci\u00f3 sigui necess\u00e0ria o pugui suposar una millora per a la finalitat d'aquests, sempre concorde a la normativa vigent en mat\u00e8ria de protecci\u00f3 de dades, Reglament General de Protecci\u00f3 de Dades.<br \/>\nEn el cas que es produeixin canvis en algunes de les dades facilitades, amb la finalitat de mantenir el nostre fitxer actualitzat, li preguem, ens el comuniqui per escrit.<br \/>\nL'informem de la possibilitat que t\u00e9 d'exercir els drets d'acc\u00e9s, rectificaci\u00f3, supressi\u00f3, oposici\u00f3, limitaci\u00f3 del tractament i portabilitat de les seves dades de car\u00e0cter personal de forma presencial en les oficines de RAM\u00d3N ONANDIA ALSIUS, acompanyant c\u00f2pia de DNI, o b\u00e9 mitjan\u00e7ant correu postal a RAMBLA CATALUNYA 87 2n D de BARCELONA, 08008 BARCELONA, o correu electr\u00f2nic roa@onandia.com.\n\t\t<\/p>\n\t<\/div>\n<\/div>\n<div class=\"col-md-12\" style=\"text-align:center;\">\n\n<\/div>\n<div class=\"col-md-12\" style=\"text-align:center;\">\n\t<p><input class=\"wpcf7-form-control wpcf7-submit has-spinner btn-enviar-form\" type=\"submit\" value=\"ENVIAR\" \/>\n\t<\/p>\n<\/div><div class=\"fusion-alert alert custom alert-custom fusion-alert-center wpcf7-response-output awb-alert-native-link-color alert-dismissable awb-alert-close-boxed\" style=\"--awb-border-size:1px;--awb-border-top-left-radius:0px;--awb-border-top-right-radius:0px;--awb-border-bottom-left-radius:0px;--awb-border-bottom-right-radius:0px;\" role=\"alert\"><div class=\"fusion-alert-content-wrapper\"><span class=\"fusion-alert-content\"><\/span><\/div><button type=\"button\" class=\"close toggle-alert\" data-dismiss=\"alert\" aria-label=\"Close\">&times;<\/button><\/div>\n<\/form>\n<\/div>\n<\/div><\/div><div class=\"fusion-layout-column fusion_builder_column fusion-builder-column-4 fusion_builder_column_1_5 1_5 fusion-flex-column\" style=\"--awb-bg-size:cover;--awb-width-large:20%;--awb-margin-top-large:0px;--awb-spacing-right-large:9.6%;--awb-margin-bottom-large:20px;--awb-spacing-left-large:9.6%;--awb-width-medium:100%;--awb-order-medium:0;--awb-spacing-right-medium:1.92%;--awb-spacing-left-medium:1.92%;--awb-width-small:100%;--awb-order-small:0;--awb-spacing-right-small:1.92%;--awb-spacing-left-small:1.92%;\"><div class=\"fusion-column-wrapper fusion-column-has-shadow fusion-flex-justify-content-flex-start fusion-content-layout-column\"><\/div><\/div><\/div><\/div>\n<\/p>\n\n\n<div class=\"kk-star-ratings kksr-auto kksr-align-left kksr-valign-bottom\"\n    data-payload='{&quot;align&quot;:&quot;left&quot;,&quot;id&quot;:&quot;7300&quot;,&quot;slug&quot;:&quot;default&quot;,&quot;valign&quot;:&quot;bottom&quot;,&quot;ignore&quot;:&quot;&quot;,&quot;reference&quot;:&quot;auto&quot;,&quot;class&quot;:&quot;&quot;,&quot;count&quot;:&quot;0&quot;,&quot;legendonly&quot;:&quot;&quot;,&quot;readonly&quot;:&quot;&quot;,&quot;score&quot;:&quot;0&quot;,&quot;starsonly&quot;:&quot;&quot;,&quot;best&quot;:&quot;5&quot;,&quot;gap&quot;:&quot;0&quot;,&quot;greet&quot;:&quot;&quot;,&quot;legend&quot;:&quot;0\\\/5 - (0 votes)&quot;,&quot;size&quot;:&quot;24&quot;,&quot;title&quot;:&quot;Qu\u00e8 fer si et deneguen la incapacitat permanent?&quot;,&quot;width&quot;:&quot;0&quot;,&quot;_legend&quot;:&quot;{score}\\\/{best} - ({count} {votes})&quot;,&quot;font_factor&quot;:&quot;1.25&quot;}'>\n            \n<div class=\"kksr-stars\">\n    \n<div class=\"kksr-stars-inactive\">\n            <div class=\"kksr-star\" data-star=\"1\" style=\"padding-right: 0px\">\n            \n\n<div class=\"kksr-icon\" style=\"width: 24px; height: 24px;\"><\/div>\n        <\/div>\n            <div class=\"kksr-star\" data-star=\"2\" style=\"padding-right: 0px\">\n            \n\n<div class=\"kksr-icon\" style=\"width: 24px; height: 24px;\"><\/div>\n        <\/div>\n            <div class=\"kksr-star\" data-star=\"3\" style=\"padding-right: 0px\">\n            \n\n<div class=\"kksr-icon\" style=\"width: 24px; height: 24px;\"><\/div>\n        <\/div>\n            <div class=\"kksr-star\" data-star=\"4\" style=\"padding-right: 0px\">\n            \n\n<div class=\"kksr-icon\" style=\"width: 24px; height: 24px;\"><\/div>\n        <\/div>\n            <div class=\"kksr-star\" data-star=\"5\" style=\"padding-right: 0px\">\n            \n\n<div class=\"kksr-icon\" style=\"width: 24px; height: 24px;\"><\/div>\n        <\/div>\n    <\/div>\n    \n<div class=\"kksr-stars-active\" style=\"width: 0px;\">\n            <div class=\"kksr-star\" style=\"padding-right: 0px\">\n            \n\n<div class=\"kksr-icon\" style=\"width: 24px; height: 24px;\"><\/div>\n        <\/div>\n            <div class=\"kksr-star\" style=\"padding-right: 0px\">\n            \n\n<div class=\"kksr-icon\" style=\"width: 24px; height: 24px;\"><\/div>\n        <\/div>\n            <div class=\"kksr-star\" style=\"padding-right: 0px\">\n            \n\n<div class=\"kksr-icon\" style=\"width: 24px; height: 24px;\"><\/div>\n        <\/div>\n            <div class=\"kksr-star\" style=\"padding-right: 0px\">\n            \n\n<div class=\"kksr-icon\" style=\"width: 24px; height: 24px;\"><\/div>\n        <\/div>\n            <div class=\"kksr-star\" style=\"padding-right: 0px\">\n            \n\n<div class=\"kksr-icon\" style=\"width: 24px; height: 24px;\"><\/div>\n        <\/div>\n    <\/div>\n<\/div>\n                \n\n<div class=\"kksr-legend\" style=\"font-size: 19.2px;\">\n            <span class=\"kksr-muted\"><\/span>\n    <\/div>\n    <\/div>\n","protected":false},"excerpt":{"rendered":"","protected":false},"author":2,"featured_media":7303,"comment_status":"closed","ping_status":"closed","sticky":false,"template":"","format":"standard","meta":{"footnotes":""},"categories":[156],"tags":[],"class_list":["post-7300","post","type-post","status-publish","format-standard","has-post-thumbnail","hentry","category-accidents-laborals"],"yoast_head":"<!-- This site is optimized with the Yoast SEO plugin v27.4 - https:\/\/yoast.com\/product\/yoast-seo-wordpress\/ -->\n<title>Qu\u00e8 fer si et deneguen la incapacitat permanent? | Onandia Advocats<\/title>\n<meta name=\"description\" content=\"Has sol\u00b7licitat la prestaci\u00f3 per incapacitat permanent? Descobreix els tipus d&#039;incapacitat permanent, quina prestaci\u00f3 es rep i qu\u00e8 pots fer si te la deneguen\" \/>\n<meta name=\"robots\" content=\"index, follow, max-snippet:-1, max-image-preview:large, max-video-preview:-1\" \/>\n<link rel=\"canonical\" href=\"https:\/\/onandia-abogados.com\/ca\/blog\/que-fer-si-et-deneguen-la-incapacitat-permanent\/\" \/>\n<meta property=\"og:locale\" content=\"ca_ES\" \/>\n<meta property=\"og:type\" content=\"article\" \/>\n<meta property=\"og:title\" content=\"Qu\u00e8 fer si et deneguen la incapacitat permanent? | Onandia Advocats\" \/>\n<meta property=\"og:description\" content=\"Has sol\u00b7licitat la prestaci\u00f3 per incapacitat permanent? Descobreix els tipus d&#039;incapacitat permanent, quina prestaci\u00f3 es rep i qu\u00e8 pots fer si te la deneguen\" \/>\n<meta property=\"og:url\" content=\"https:\/\/onandia-abogados.com\/ca\/blog\/que-fer-si-et-deneguen-la-incapacitat-permanent\/\" \/>\n<meta property=\"og:site_name\" content=\"\u2705 Abogados especialistas en Accidentes Barcelona | Onandia\" \/>\n<meta property=\"article:published_time\" content=\"2021-09-01T09:26:04+00:00\" \/>\n<meta property=\"article:modified_time\" content=\"2024-06-25T13:05:30+00:00\" \/>\n<meta property=\"og:image\" content=\"https:\/\/onandia-abogados.com\/wp-content\/uploads\/2021\/09\/persones-amb-incapacitat.jpg\" \/>\n\t<meta property=\"og:image:width\" content=\"700\" \/>\n\t<meta property=\"og:image:height\" content=\"467\" \/>\n\t<meta property=\"og:image:type\" content=\"image\/jpeg\" \/>\n<meta name=\"author\" content=\"Ram\u00f3n Onandia\" \/>\n<script type=\"application\/ld+json\" class=\"yoast-schema-graph\">{\"@context\":\"https:\\\/\\\/schema.org\",\"@graph\":[{\"@type\":\"Article\",\"@id\":\"https:\\\/\\\/onandia-abogados.com\\\/ca\\\/blog\\\/que-fer-si-et-deneguen-la-incapacitat-permanent\\\/#article\",\"isPartOf\":{\"@id\":\"https:\\\/\\\/onandia-abogados.com\\\/ca\\\/blog\\\/que-fer-si-et-deneguen-la-incapacitat-permanent\\\/\"},\"author\":{\"name\":\"Ram\u00f3n Onandia\",\"@id\":\"https:\\\/\\\/onandia-abogados.com\\\/ca\\\/#\\\/schema\\\/person\\\/39b20a8caea66caba59cefc6542aef9a\"},\"headline\":\"Qu\u00e8 fer si et deneguen la incapacitat permanent?\",\"datePublished\":\"2021-09-01T09:26:04+00:00\",\"dateModified\":\"2024-06-25T13:05:30+00:00\",\"mainEntityOfPage\":{\"@id\":\"https:\\\/\\\/onandia-abogados.com\\\/ca\\\/blog\\\/que-fer-si-et-deneguen-la-incapacitat-permanent\\\/\"},\"wordCount\":1630,\"publisher\":{\"@id\":\"https:\\\/\\\/onandia-abogados.com\\\/ca\\\/#organization\"},\"image\":{\"@id\":\"https:\\\/\\\/onandia-abogados.com\\\/ca\\\/blog\\\/que-fer-si-et-deneguen-la-incapacitat-permanent\\\/#primaryimage\"},\"thumbnailUrl\":\"https:\\\/\\\/onandia-abogados.com\\\/wp-content\\\/uploads\\\/2021\\\/09\\\/persones-amb-incapacitat.jpg\",\"articleSection\":[\"Accidents Laborals\"],\"inLanguage\":\"ca\"},{\"@type\":\"WebPage\",\"@id\":\"https:\\\/\\\/onandia-abogados.com\\\/ca\\\/blog\\\/que-fer-si-et-deneguen-la-incapacitat-permanent\\\/\",\"url\":\"https:\\\/\\\/onandia-abogados.com\\\/ca\\\/blog\\\/que-fer-si-et-deneguen-la-incapacitat-permanent\\\/\",\"name\":\"Qu\u00e8 fer si et deneguen la incapacitat permanent? | Onandia Advocats\",\"isPartOf\":{\"@id\":\"https:\\\/\\\/onandia-abogados.com\\\/ca\\\/#website\"},\"primaryImageOfPage\":{\"@id\":\"https:\\\/\\\/onandia-abogados.com\\\/ca\\\/blog\\\/que-fer-si-et-deneguen-la-incapacitat-permanent\\\/#primaryimage\"},\"image\":{\"@id\":\"https:\\\/\\\/onandia-abogados.com\\\/ca\\\/blog\\\/que-fer-si-et-deneguen-la-incapacitat-permanent\\\/#primaryimage\"},\"thumbnailUrl\":\"https:\\\/\\\/onandia-abogados.com\\\/wp-content\\\/uploads\\\/2021\\\/09\\\/persones-amb-incapacitat.jpg\",\"datePublished\":\"2021-09-01T09:26:04+00:00\",\"dateModified\":\"2024-06-25T13:05:30+00:00\",\"description\":\"Has sol\u00b7licitat la prestaci\u00f3 per incapacitat permanent? Descobreix els tipus d'incapacitat permanent, quina prestaci\u00f3 es rep i qu\u00e8 pots fer si te la deneguen\",\"breadcrumb\":{\"@id\":\"https:\\\/\\\/onandia-abogados.com\\\/ca\\\/blog\\\/que-fer-si-et-deneguen-la-incapacitat-permanent\\\/#breadcrumb\"},\"inLanguage\":\"ca\",\"potentialAction\":[{\"@type\":\"ReadAction\",\"target\":[\"https:\\\/\\\/onandia-abogados.com\\\/ca\\\/blog\\\/que-fer-si-et-deneguen-la-incapacitat-permanent\\\/\"]}]},{\"@type\":\"ImageObject\",\"inLanguage\":\"ca\",\"@id\":\"https:\\\/\\\/onandia-abogados.com\\\/ca\\\/blog\\\/que-fer-si-et-deneguen-la-incapacitat-permanent\\\/#primaryimage\",\"url\":\"https:\\\/\\\/onandia-abogados.com\\\/wp-content\\\/uploads\\\/2021\\\/09\\\/persones-amb-incapacitat.jpg\",\"contentUrl\":\"https:\\\/\\\/onandia-abogados.com\\\/wp-content\\\/uploads\\\/2021\\\/09\\\/persones-amb-incapacitat.jpg\",\"width\":700,\"height\":467,\"caption\":\"Imatge de persones amb alguna incapaciatat\"},{\"@type\":\"BreadcrumbList\",\"@id\":\"https:\\\/\\\/onandia-abogados.com\\\/ca\\\/blog\\\/que-fer-si-et-deneguen-la-incapacitat-permanent\\\/#breadcrumb\",\"itemListElement\":[{\"@type\":\"ListItem\",\"position\":1,\"name\":\"Portada\",\"item\":\"https:\\\/\\\/onandia-abogados.com\\\/ca\\\/\"},{\"@type\":\"ListItem\",\"position\":2,\"name\":\"Qu\u00e8 fer si et deneguen la incapacitat permanent?\"}]},{\"@type\":\"WebSite\",\"@id\":\"https:\\\/\\\/onandia-abogados.com\\\/ca\\\/#website\",\"url\":\"https:\\\/\\\/onandia-abogados.com\\\/ca\\\/\",\"name\":\"Abogados Onandia Barcelona\",\"description\":\"Advocats especialistes en accidents de tr\u00e0nsit\",\"publisher\":{\"@id\":\"https:\\\/\\\/onandia-abogados.com\\\/ca\\\/#organization\"},\"potentialAction\":[{\"@type\":\"SearchAction\",\"target\":{\"@type\":\"EntryPoint\",\"urlTemplate\":\"https:\\\/\\\/onandia-abogados.com\\\/ca\\\/?s={search_term_string}\"},\"query-input\":{\"@type\":\"PropertyValueSpecification\",\"valueRequired\":true,\"valueName\":\"search_term_string\"}}],\"inLanguage\":\"ca\"},{\"@type\":\"Organization\",\"@id\":\"https:\\\/\\\/onandia-abogados.com\\\/ca\\\/#organization\",\"name\":\"Onandia Abogados\",\"url\":\"https:\\\/\\\/onandia-abogados.com\\\/ca\\\/\",\"logo\":{\"@type\":\"ImageObject\",\"inLanguage\":\"ca\",\"@id\":\"https:\\\/\\\/onandia-abogados.com\\\/ca\\\/#\\\/schema\\\/logo\\\/image\\\/\",\"url\":\"https:\\\/\\\/onandia-abogados.com\\\/wp-content\\\/uploads\\\/2023\\\/05\\\/abogados-onandia.svg\",\"contentUrl\":\"https:\\\/\\\/onandia-abogados.com\\\/wp-content\\\/uploads\\\/2023\\\/05\\\/abogados-onandia.svg\",\"width\":751,\"height\":262,\"caption\":\"Onandia Abogados\"},\"image\":{\"@id\":\"https:\\\/\\\/onandia-abogados.com\\\/ca\\\/#\\\/schema\\\/logo\\\/image\\\/\"}},{\"@type\":\"Person\",\"@id\":\"https:\\\/\\\/onandia-abogados.com\\\/ca\\\/#\\\/schema\\\/person\\\/39b20a8caea66caba59cefc6542aef9a\",\"name\":\"Ram\u00f3n Onandia\",\"image\":{\"@type\":\"ImageObject\",\"inLanguage\":\"ca\",\"@id\":\"https:\\\/\\\/onandia-abogados.com\\\/wp-content\\\/litespeed\\\/avatar\\\/c77ad4db75b48839e4afd3cf065bf8e6.jpg?ver=1777565789\",\"url\":\"https:\\\/\\\/onandia-abogados.com\\\/wp-content\\\/litespeed\\\/avatar\\\/c77ad4db75b48839e4afd3cf065bf8e6.jpg?ver=1777565789\",\"contentUrl\":\"https:\\\/\\\/onandia-abogados.com\\\/wp-content\\\/litespeed\\\/avatar\\\/c77ad4db75b48839e4afd3cf065bf8e6.jpg?ver=1777565789\",\"caption\":\"Ram\u00f3n Onandia\"},\"description\":\"Ram\u00f3n Onandia es abogado del despacho Onandia Abogados de Barcelona, especializado en la reclamaci\u00f3n de indemnizaciones por accidente de tr\u00e1fico, accidentes laborales y negligencias m\u00e9dicas.\",\"sameAs\":[\"https:\\\/\\\/onandia-abogados.com\"],\"url\":\"https:\\\/\\\/onandia-abogados.com\\\/abogado-ramon-onandia-alsius\\\/\"}]}<\/script>\n<!-- \/ Yoast SEO plugin. -->","yoast_head_json":{"title":"Qu\u00e8 fer si et deneguen la incapacitat permanent? | Onandia Advocats","description":"Has sol\u00b7licitat la prestaci\u00f3 per incapacitat permanent? Descobreix els tipus d'incapacitat permanent, quina prestaci\u00f3 es rep i qu\u00e8 pots fer si te la deneguen","robots":{"index":"index","follow":"follow","max-snippet":"max-snippet:-1","max-image-preview":"max-image-preview:large","max-video-preview":"max-video-preview:-1"},"canonical":"https:\/\/onandia-abogados.com\/ca\/blog\/que-fer-si-et-deneguen-la-incapacitat-permanent\/","og_locale":"ca_ES","og_type":"article","og_title":"Qu\u00e8 fer si et deneguen la incapacitat permanent? | Onandia Advocats","og_description":"Has sol\u00b7licitat la prestaci\u00f3 per incapacitat permanent? Descobreix els tipus d'incapacitat permanent, quina prestaci\u00f3 es rep i qu\u00e8 pots fer si te la deneguen","og_url":"https:\/\/onandia-abogados.com\/ca\/blog\/que-fer-si-et-deneguen-la-incapacitat-permanent\/","og_site_name":"\u2705 Abogados especialistas en Accidentes Barcelona | Onandia","article_published_time":"2021-09-01T09:26:04+00:00","article_modified_time":"2024-06-25T13:05:30+00:00","og_image":[{"width":700,"height":467,"url":"https:\/\/onandia-abogados.com\/wp-content\/uploads\/2021\/09\/persones-amb-incapacitat.jpg","type":"image\/jpeg"}],"author":"Ram\u00f3n Onandia","schema":{"@context":"https:\/\/schema.org","@graph":[{"@type":"Article","@id":"https:\/\/onandia-abogados.com\/ca\/blog\/que-fer-si-et-deneguen-la-incapacitat-permanent\/#article","isPartOf":{"@id":"https:\/\/onandia-abogados.com\/ca\/blog\/que-fer-si-et-deneguen-la-incapacitat-permanent\/"},"author":{"name":"Ram\u00f3n Onandia","@id":"https:\/\/onandia-abogados.com\/ca\/#\/schema\/person\/39b20a8caea66caba59cefc6542aef9a"},"headline":"Qu\u00e8 fer si et deneguen la incapacitat permanent?","datePublished":"2021-09-01T09:26:04+00:00","dateModified":"2024-06-25T13:05:30+00:00","mainEntityOfPage":{"@id":"https:\/\/onandia-abogados.com\/ca\/blog\/que-fer-si-et-deneguen-la-incapacitat-permanent\/"},"wordCount":1630,"publisher":{"@id":"https:\/\/onandia-abogados.com\/ca\/#organization"},"image":{"@id":"https:\/\/onandia-abogados.com\/ca\/blog\/que-fer-si-et-deneguen-la-incapacitat-permanent\/#primaryimage"},"thumbnailUrl":"https:\/\/onandia-abogados.com\/wp-content\/uploads\/2021\/09\/persones-amb-incapacitat.jpg","articleSection":["Accidents Laborals"],"inLanguage":"ca"},{"@type":"WebPage","@id":"https:\/\/onandia-abogados.com\/ca\/blog\/que-fer-si-et-deneguen-la-incapacitat-permanent\/","url":"https:\/\/onandia-abogados.com\/ca\/blog\/que-fer-si-et-deneguen-la-incapacitat-permanent\/","name":"Qu\u00e8 fer si et deneguen la incapacitat permanent? | Onandia Advocats","isPartOf":{"@id":"https:\/\/onandia-abogados.com\/ca\/#website"},"primaryImageOfPage":{"@id":"https:\/\/onandia-abogados.com\/ca\/blog\/que-fer-si-et-deneguen-la-incapacitat-permanent\/#primaryimage"},"image":{"@id":"https:\/\/onandia-abogados.com\/ca\/blog\/que-fer-si-et-deneguen-la-incapacitat-permanent\/#primaryimage"},"thumbnailUrl":"https:\/\/onandia-abogados.com\/wp-content\/uploads\/2021\/09\/persones-amb-incapacitat.jpg","datePublished":"2021-09-01T09:26:04+00:00","dateModified":"2024-06-25T13:05:30+00:00","description":"Has sol\u00b7licitat la prestaci\u00f3 per incapacitat permanent? Descobreix els tipus d'incapacitat permanent, quina prestaci\u00f3 es rep i qu\u00e8 pots fer si te la deneguen","breadcrumb":{"@id":"https:\/\/onandia-abogados.com\/ca\/blog\/que-fer-si-et-deneguen-la-incapacitat-permanent\/#breadcrumb"},"inLanguage":"ca","potentialAction":[{"@type":"ReadAction","target":["https:\/\/onandia-abogados.com\/ca\/blog\/que-fer-si-et-deneguen-la-incapacitat-permanent\/"]}]},{"@type":"ImageObject","inLanguage":"ca","@id":"https:\/\/onandia-abogados.com\/ca\/blog\/que-fer-si-et-deneguen-la-incapacitat-permanent\/#primaryimage","url":"https:\/\/onandia-abogados.com\/wp-content\/uploads\/2021\/09\/persones-amb-incapacitat.jpg","contentUrl":"https:\/\/onandia-abogados.com\/wp-content\/uploads\/2021\/09\/persones-amb-incapacitat.jpg","width":700,"height":467,"caption":"Imatge de persones amb alguna incapaciatat"},{"@type":"BreadcrumbList","@id":"https:\/\/onandia-abogados.com\/ca\/blog\/que-fer-si-et-deneguen-la-incapacitat-permanent\/#breadcrumb","itemListElement":[{"@type":"ListItem","position":1,"name":"Portada","item":"https:\/\/onandia-abogados.com\/ca\/"},{"@type":"ListItem","position":2,"name":"Qu\u00e8 fer si et deneguen la incapacitat permanent?"}]},{"@type":"WebSite","@id":"https:\/\/onandia-abogados.com\/ca\/#website","url":"https:\/\/onandia-abogados.com\/ca\/","name":"Abogados Onandia Barcelona","description":"Advocats especialistes en accidents de tr\u00e0nsit","publisher":{"@id":"https:\/\/onandia-abogados.com\/ca\/#organization"},"potentialAction":[{"@type":"SearchAction","target":{"@type":"EntryPoint","urlTemplate":"https:\/\/onandia-abogados.com\/ca\/?s={search_term_string}"},"query-input":{"@type":"PropertyValueSpecification","valueRequired":true,"valueName":"search_term_string"}}],"inLanguage":"ca"},{"@type":"Organization","@id":"https:\/\/onandia-abogados.com\/ca\/#organization","name":"Onandia Abogados","url":"https:\/\/onandia-abogados.com\/ca\/","logo":{"@type":"ImageObject","inLanguage":"ca","@id":"https:\/\/onandia-abogados.com\/ca\/#\/schema\/logo\/image\/","url":"https:\/\/onandia-abogados.com\/wp-content\/uploads\/2023\/05\/abogados-onandia.svg","contentUrl":"https:\/\/onandia-abogados.com\/wp-content\/uploads\/2023\/05\/abogados-onandia.svg","width":751,"height":262,"caption":"Onandia Abogados"},"image":{"@id":"https:\/\/onandia-abogados.com\/ca\/#\/schema\/logo\/image\/"}},{"@type":"Person","@id":"https:\/\/onandia-abogados.com\/ca\/#\/schema\/person\/39b20a8caea66caba59cefc6542aef9a","name":"Ram\u00f3n Onandia","image":{"@type":"ImageObject","inLanguage":"ca","@id":"https:\/\/onandia-abogados.com\/wp-content\/litespeed\/avatar\/c77ad4db75b48839e4afd3cf065bf8e6.jpg?ver=1777565789","url":"https:\/\/onandia-abogados.com\/wp-content\/litespeed\/avatar\/c77ad4db75b48839e4afd3cf065bf8e6.jpg?ver=1777565789","contentUrl":"https:\/\/onandia-abogados.com\/wp-content\/litespeed\/avatar\/c77ad4db75b48839e4afd3cf065bf8e6.jpg?ver=1777565789","caption":"Ram\u00f3n Onandia"},"description":"Ram\u00f3n Onandia es abogado del despacho Onandia Abogados de Barcelona, especializado en la reclamaci\u00f3n de indemnizaciones por accidente de tr\u00e1fico, accidentes laborales y negligencias m\u00e9dicas.","sameAs":["https:\/\/onandia-abogados.com"],"url":"https:\/\/onandia-abogados.com\/abogado-ramon-onandia-alsius\/"}]}},"_links":{"self":[{"href":"https:\/\/onandia-abogados.com\/ca\/wp-json\/wp\/v2\/posts\/7300","targetHints":{"allow":["GET"]}}],"collection":[{"href":"https:\/\/onandia-abogados.com\/ca\/wp-json\/wp\/v2\/posts"}],"about":[{"href":"https:\/\/onandia-abogados.com\/ca\/wp-json\/wp\/v2\/types\/post"}],"author":[{"embeddable":true,"href":"https:\/\/onandia-abogados.com\/ca\/wp-json\/wp\/v2\/users\/2"}],"replies":[{"embeddable":true,"href":"https:\/\/onandia-abogados.com\/ca\/wp-json\/wp\/v2\/comments?post=7300"}],"version-history":[{"count":0,"href":"https:\/\/onandia-abogados.com\/ca\/wp-json\/wp\/v2\/posts\/7300\/revisions"}],"wp:featuredmedia":[{"embeddable":true,"href":"https:\/\/onandia-abogados.com\/ca\/wp-json\/wp\/v2\/media\/7303"}],"wp:attachment":[{"href":"https:\/\/onandia-abogados.com\/ca\/wp-json\/wp\/v2\/media?parent=7300"}],"wp:term":[{"taxonomy":"category","embeddable":true,"href":"https:\/\/onandia-abogados.com\/ca\/wp-json\/wp\/v2\/categories?post=7300"},{"taxonomy":"post_tag","embeddable":true,"href":"https:\/\/onandia-abogados.com\/ca\/wp-json\/wp\/v2\/tags?post=7300"}],"curies":[{"name":"wp","href":"https:\/\/api.w.org\/{rel}","templated":true}]}}