{"id":7322,"date":"2021-06-01T16:09:42","date_gmt":"2021-06-01T16:09:42","guid":{"rendered":"https:\/\/onandia-abogados.com\/blog\/accidente-laboral-en-teletrabajo\/"},"modified":"2024-06-25T13:15:28","modified_gmt":"2024-06-25T13:15:28","slug":"accident-laboral-teletreballant","status":"publish","type":"post","link":"https:\/\/onandia-abogados.com\/ca\/blog\/accident-laboral-teletreballant\/","title":{"rendered":"Un Accident a casa teletreballant es considera Accident Laboral?"},"content":{"rendered":"<p><div class=\"fusion-fullwidth fullwidth-box fusion-builder-row-1 fusion-flex-container nonhundred-percent-fullwidth non-hundred-percent-height-scrolling\" style=\"--awb-border-radius-top-left:0px;--awb-border-radius-top-right:0px;--awb-border-radius-bottom-right:0px;--awb-border-radius-bottom-left:0px;--awb-flex-wrap:wrap;\" ><div class=\"fusion-builder-row fusion-row fusion-flex-align-items-flex-start fusion-flex-content-wrap\" style=\"max-width:1352px;margin-left: calc(-4% \/ 2 );margin-right: calc(-4% \/ 2 );\"><div class=\"fusion-layout-column fusion_builder_column fusion-builder-column-0 fusion_builder_column_1_1 1_1 fusion-flex-column\" style=\"--awb-bg-size:cover;--awb-width-large:100%;--awb-margin-top-large:0px;--awb-spacing-right-large:1.92%;--awb-margin-bottom-large:0px;--awb-spacing-left-large:1.92%;--awb-width-medium:100%;--awb-spacing-right-medium:1.92%;--awb-spacing-left-medium:1.92%;--awb-width-small:100%;--awb-spacing-right-small:1.92%;--awb-spacing-left-small:1.92%;\"><div class=\"fusion-column-wrapper fusion-flex-justify-content-flex-start fusion-content-layout-column\"><div class=\"fusion-text fusion-text-1\"><p>El teletreball ha vingut per a quedar-se. Almenys, aix\u00f2 cal suposar despr\u00e9s de llargs mesos de pand\u00e8mia en els quals les empreses s&#8217;han vist obligades a instaurar-ho amb un \u00e8xit m\u00e9s que relatiu.<\/p>\n<p>Per\u00f2 fer el treball d&#8217;oficina fora d&#8217;ella tamb\u00e9 comporta dificultats afegides. Per exemple, la catalogaci\u00f3 dels accidents que pugui patir el treballador mentre est\u00e0 teletreballant. Provar que alguns d&#8217;aquests accidents s\u00f3n laborals ser\u00e0 m\u00e9s complicat per als treballadors que teletreballen.<\/p>\n<p>Vegem qu\u00e8 s&#8217;ent\u00e9n per teletreball i per accident laboral, i en quines circumst\u00e0ncies un accident es pot considerar accident laboral produ\u00eft en teletreball.<\/p>\n<h2><strong>Alguns conceptes generals: teletreball i accident laboral<\/strong><\/h2>\n<h3><strong>QU\u00c8 ES CONSIDERA TELETREBALL?<\/strong><\/h3>\n<p>El teletreball es defineix (segons el que es disposa en el Reial decret llei 28\/2020) com la forma d&#8217;organitzaci\u00f3 del treball conforme a la qual l&#8217;activitat laboral es presta en el domicili de la persona treballadora o en el lloc triat per aquesta, durant tota o part de la seva jornada, de manera regular i amb l&#8217;\u00fas exclusiu o prevalent de mitjans inform\u00e0tics.<\/p>\n<h3><strong>QUAN ES PRODUEIX UN ACCIDENT LABORAL?<\/strong><\/h3>\n<p>Segons s&#8217;extreu de la Llei General de la Seguretat Social, s\u00f3n constitutives d&#8217;accident de treball les lesions que pateixi un treballador en el lloc de treball i durant el temps de desenvolupament d&#8217;aquest.<\/p>\n<p>D&#8217;una forma m\u00e9s \u00e0mplia, s&#8217;entenen per danys derivats del treball les malalties, patologies o lesions produ\u00efdes amb motiu del treball per compte d&#8217;altri.<\/p>\n<p>Per tant, ha d&#8217;existir mal corporal causat per ferida, cop o malaltia (s&#8217;assimilen malalties ps\u00edquiques o psicol\u00f2giques i les seves seq\u00fceles) mentre el treballador presta els seus serveis per compte d&#8217;altri, i existir una relaci\u00f3 causa-efecte: la lesi\u00f3 deriva del treball desenvolupat en el temps i lloc definits per a aquest.<\/p>\n<h2><strong>Requisits que identifiquen l&#8217;accident laboral en teletreball<\/strong><\/h2>\n<p>Es considera accident laboral si estic teletreballant i en la meva pausa per al caf\u00e8 em cremo amb la cafetera? I si baix a comprar un recanvi per a la impressora i caic per les escales?<\/p>\n<p>Tres q\u00fcestions determinants que poden suposar la difer\u00e8ncia entre un accident de treball i un dom\u00e8stic: el temps de treball, el lloc de treball i el tipus d&#8217;accident.<\/p>\n<p><strong>PREMISSA INICIAL DE L&#8217;ACCIDENT DE TREBALL<\/strong><br \/>\nPartim de la idea que tots els accidents que ocorren durant la jornada laboral i en el lloc de treball es presumeixen com a accidents laborals.<\/p>\n<p>Per tant, si el treballador teletreballa en la seva pr\u00f2pia casa i s&#8217;accidenta mentre compleix la seva jornada, es presumir\u00e0, en principi, que es tracta d&#8217;un accident laboral. En cas de controv\u00e8rsia, correspondr\u00e0 a l&#8217;empresa o a la M\u00fatua d&#8217;Accidents de Treball demostrar que l&#8217;accident no \u00e9s laboral.<\/p>\n<p>No obstant aix\u00f2, no sempre \u00e9s tan clar. Si l&#8217;accident es produeix fora del temps o lloc de treball (per exemple, quan es treballa fora del registre horari o se sofreix un infart per estr\u00e8s laboral), ser\u00e0 el treballador el que hagi de demostrar que va ser causat pel treball.<\/p>\n<h2><strong>Les Claus de l&#8217;Accident Laboral: Temps, Lloc i Tipus d&#8217;Accident<\/strong><\/h2>\n<p>Per tant, cal provar que l&#8217;accident es produeix en temps de treball i en el lloc designat per al teletreball, i tamb\u00e9 que el tipus d&#8217;accident t\u00e9 relaci\u00f3 amb la nostra activitat de teletreball.<\/p>\n<p><strong>Quan s&#8217;ent\u00e9n que l&#8217;accident es produeix en TEMPS de treball?<\/strong><\/p>\n<p>El temps de treball \u00e9s el temps de prestaci\u00f3 en el qual el treballador exerceix les tasques assignades per l&#8217;empresa al seu lloc de treball.<\/p>\n<p>L&#8217;empresa haur\u00e0 de portar un registre de la jornada laboral dels seus empleats, tamb\u00e9 en el cas d&#8217;aquells que teletreballen. Aix\u00f2 no resulta tan senzill perqu\u00e8 \u00e9s habitual que el teletrabajador presti els seus serveis en horari flexible.<\/p>\n<p>No obstant aix\u00f2, aquesta autonomia per part del treballador en la distribuci\u00f3 del seu temps de treball no ha d&#8217;afectar el registre de la seva jornada i, a m\u00e9s, ha de respectar els l\u00edmits de jornada m\u00e0xima i els temps de descans obligatoris.<\/p>\n<p><strong>Quan s&#8217;ent\u00e9n que l&#8217;accident es produeix en el LLOC de treball?<\/strong><\/p>\n<p>El lloc de treball \u00e9s aquell en el qual es duen a terme les tasques laborals, i en el cas del teletreball sol coincidir amb el domicili particular.<\/p>\n<p>Cal que el treballador i l&#8217;empresa especifiquin per escrit el lloc on es prestar\u00e0 el treball, els serveis que s&#8217;utilitzaran i el lloc destinat a la pausa (l&#8217;equivalent a l&#8217;office del centre de treball).<\/p>\n<p><strong>Quin tipus d&#8217;accidents es consideren laborals?<\/strong><\/p>\n<p>Depenent de si guarda relaci\u00f3 amb l&#8217;activitat laboral o no, el tipus d&#8217;accident i la lesi\u00f3 determinaran la seva consideraci\u00f3 com a accident laboral.<\/p>\n<p>Vegem uns <strong>exemples relacionats amb el teletreball<\/strong>:<\/p>\n<p><strong>ACCIDENT NO LABORAL:<\/strong><br \/>\nUn treballador l&#8217;eina de treball del qual \u00e9s l&#8217;ordinador es crema una m\u00e0 amb una planxa de roba. Encara que l&#8217;accident es produeixi en temps i lloc de treball, no es considera accident laboral perqu\u00e8 l&#8217;eina amb la qual es produeix l&#8217;accident no guarda relaci\u00f3 amb el seu acompliment laboral.<\/p>\n<p><strong>ACCIDENT LABORAL:<\/strong><br \/>\nEl treballador pateix un infart, un ictus, una caiguda o una sobrec\u00e0rrega el\u00e8ctrica del seu equip de treball, dins de la seva jornada laboral i en el lloc de treball. S\u00ed que t\u00e9 la consideraci\u00f3 d&#8217;accident laboral.<\/p>\n<p>Altres accidents propis del teletreball que tamb\u00e9 es consideren laborals:<\/p>\n<p><strong>ACCIDENT LABORAL IN IT\u00cdNERE:<\/strong><br \/>\nUn accident laboral in itineri es produeix quan l&#8217;empresa autoritza dos domicilis de treball diferents i el treballador s&#8217;accidenta de cam\u00ed entre l&#8217;un i l&#8217;altre. Tamb\u00e9 si el treballador pateix un accident de cam\u00ed a una revisi\u00f3 m\u00e8dica establerta per l&#8217;empresa com a part del seu pla de prevenci\u00f3 de riscos.<\/p>\n<p><strong>ACCIDENT LABORAL EN MISSI\u00d3:<\/strong><br \/>\nSi el treballador pateix un accident quan surt al carrer a comprar material prec\u00eds per a la realitzaci\u00f3 del seu treball, o b\u00e9 si l&#8217;empresa li encarrega un despla\u00e7ament per a visitar a un client, per exemple.<\/p>\n<p><strong>ACCIDENT LABORAL EN PER\u00cdODE DE DESCANS:<\/strong><br \/>\nAt\u00e8s que est\u00e0 establert un per\u00edode de descans no inferior a quinze minuts per a tots els treballadors (tamb\u00e9 en el teletreball), els accidents ocorreguts en aquests per\u00edodes tamb\u00e9 s\u00f3n considerats laborals, si b\u00e9 encara no existeix molta jurisprud\u00e8ncia quant a aquesta mena d&#8217;accidents associats al teletreball.<\/p>\n<p>Sigui com sigui la teva situaci\u00f3, si est\u00e0s teletreballant i has sofert un accident laboral i tens dubtes respecte a com actuar, posa&#8217;t en contacte amb nosaltres.<\/p>\n<\/div><\/div><\/div><\/div><\/div><div class=\"fusion-fullwidth fullwidth-box fusion-builder-row-2 fusion-flex-container nonhundred-percent-fullwidth non-hundred-percent-height-scrolling\" style=\"--awb-border-radius-top-left:0px;--awb-border-radius-top-right:0px;--awb-border-radius-bottom-right:0px;--awb-border-radius-bottom-left:0px;--awb-flex-wrap:wrap;\" ><div class=\"fusion-builder-row fusion-row fusion-flex-align-items-flex-start fusion-flex-content-wrap\" style=\"max-width:1352px;margin-left: calc(-4% \/ 2 );margin-right: calc(-4% \/ 2 );\"><div class=\"fusion-layout-column fusion_builder_column fusion-builder-column-1 fusion_builder_column_1_1 1_1 fusion-flex-column\" style=\"--awb-bg-size:cover;--awb-width-large:100%;--awb-margin-top-large:0px;--awb-spacing-right-large:1.92%;--awb-margin-bottom-large:20px;--awb-spacing-left-large:1.92%;--awb-width-medium:100%;--awb-spacing-right-medium:1.92%;--awb-spacing-left-medium:1.92%;--awb-width-small:100%;--awb-spacing-right-small:1.92%;--awb-spacing-left-small:1.92%;\"><div class=\"fusion-column-wrapper fusion-flex-justify-content-flex-start fusion-content-layout-column\"><div style=\"text-align:center;\"><a class=\"fusion-button button-flat button-xlarge button-default fusion-button-default button-1 fusion-button-default-span fusion-button-default-type boton-negrita\" target=\"_self\" href=\"tel: 934 88 11 25 \"><span class=\"fusion-button-text awb-button__text awb-button__text--default\">T\u2019informem GRATIS: 934 88 11 25<\/span><i class=\"fa-chevron-right fas awb-button__icon awb-button__icon--default button-icon-right\" aria-hidden=\"true\"><\/i><\/a><\/div><\/div><\/div><\/div><\/div><div class=\"fusion-fullwidth fullwidth-box fusion-builder-row-3 fusion-flex-container has-pattern-background has-mask-background nonhundred-percent-fullwidth non-hundred-percent-height-scrolling\" style=\"--awb-border-radius-top-left:0px;--awb-border-radius-top-right:0px;--awb-border-radius-bottom-right:0px;--awb-border-radius-bottom-left:0px;--awb-padding-top:30px;--awb-margin-top:30px;--awb-flex-wrap:wrap;\" ><div class=\"fusion-builder-row fusion-row fusion-flex-align-items-flex-start fusion-flex-content-wrap\" style=\"max-width:1352px;margin-left: calc(-4% \/ 2 );margin-right: calc(-4% \/ 2 );\"><div class=\"fusion-layout-column fusion_builder_column fusion-builder-column-2 fusion_builder_column_1_5 1_5 fusion-flex-column\" style=\"--awb-bg-size:cover;--awb-width-large:20%;--awb-margin-top-large:0px;--awb-spacing-right-large:9.6%;--awb-margin-bottom-large:20px;--awb-spacing-left-large:9.6%;--awb-width-medium:100%;--awb-order-medium:0;--awb-spacing-right-medium:1.92%;--awb-spacing-left-medium:1.92%;--awb-width-small:100%;--awb-order-small:0;--awb-spacing-right-small:1.92%;--awb-spacing-left-small:1.92%;\"><div class=\"fusion-column-wrapper fusion-column-has-shadow fusion-flex-justify-content-flex-start fusion-content-layout-column\"><div class=\"fusion-image-element \" style=\"--awb-caption-title-font-family:var(--h2_typography-font-family);--awb-caption-title-font-weight:var(--h2_typography-font-weight);--awb-caption-title-font-style:var(--h2_typography-font-style);--awb-caption-title-size:var(--h2_typography-font-size);--awb-caption-title-transform:var(--h2_typography-text-transform);--awb-caption-title-line-height:var(--h2_typography-line-height);--awb-caption-title-letter-spacing:var(--h2_typography-letter-spacing);\"><span class=\" fusion-imageframe imageframe-none imageframe-1 hover-type-none\"><img decoding=\"async\" width=\"600\" height=\"600\" title=\"CTA-solo-cobramos-si-tu-cobras_CAT\" src=\"https:\/\/onandia-abogados.com\/wp-content\/uploads\/2025\/12\/CTA-solo-cobramos-si-tu-cobras_CAT.png\" data-orig-src=\"https:\/\/onandia-abogados.com\/wp-content\/uploads\/2025\/12\/CTA-solo-cobramos-si-tu-cobras_CAT.png\" alt class=\"lazyload img-responsive wp-image-109715\" srcset=\"data:image\/svg+xml,%3Csvg%20xmlns%3D%27http%3A%2F%2Fwww.w3.org%2F2000%2Fsvg%27%20width%3D%27600%27%20height%3D%27600%27%20viewBox%3D%270%200%20600%20600%27%3E%3Crect%20width%3D%27600%27%20height%3D%27600%27%20fill-opacity%3D%220%22%2F%3E%3C%2Fsvg%3E\" data-srcset=\"https:\/\/onandia-abogados.com\/wp-content\/uploads\/2025\/12\/CTA-solo-cobramos-si-tu-cobras_CAT-200x200.png 200w, https:\/\/onandia-abogados.com\/wp-content\/uploads\/2025\/12\/CTA-solo-cobramos-si-tu-cobras_CAT-400x400.png 400w, https:\/\/onandia-abogados.com\/wp-content\/uploads\/2025\/12\/CTA-solo-cobramos-si-tu-cobras_CAT.png 600w\" data-sizes=\"auto\" data-orig-sizes=\"(max-width: 1024px) 100vw, (max-width: 640px) 100vw, 400px\" \/><\/span><\/div><\/div><\/div><div class=\"fusion-layout-column fusion_builder_column fusion-builder-column-3 fusion_builder_column_3_5 3_5 fusion-flex-column\" style=\"--awb-overflow:hidden;--awb-bg-color:#00a7d8;--awb-bg-color-hover:#00a7d8;--awb-bg-size:cover;--awb-border-radius:5px 5px 5px 5px;--awb-width-large:60%;--awb-margin-top-large:0px;--awb-spacing-right-large:3.2%;--awb-margin-bottom-large:20px;--awb-spacing-left-large:3.2%;--awb-width-medium:100%;--awb-order-medium:0;--awb-spacing-right-medium:1.92%;--awb-spacing-left-medium:1.92%;--awb-width-small:100%;--awb-order-small:0;--awb-spacing-right-small:1.92%;--awb-spacing-left-small:1.92%;\" data-scroll-devices=\"small-visibility,medium-visibility,large-visibility\"><div class=\"fusion-column-wrapper fusion-column-has-shadow fusion-flex-justify-content-flex-start fusion-content-layout-column\"><div class=\"fusion-text fusion-text-2\"><div class=\"fusion-text fusion-text-2\"><\/div>\n<div class=\"row\" style=\"width: 100%; margin-left: 1px; background-color: #00a7d8; text-align: center; padding-top: 20px; padding-bottom: 20px; border-radius: 5px;\">\n<div class=\"col-md-12\"><span style=\"font-weight: bold; font-size: 28px; color: white; margin-top: 20px; padding-top: 20px;\">Comen\u00e7a ara la teva reclamaci\u00f3 GRATIS<\/span><\/div>\n<div class=\"col-md-12\">\n<div class=\"row\">\n<div class=\"col-md-5 col-xs-5\" style=\"text-align: right;\"><img decoding=\"async\" class=\"lazyload alignnone wp-image-5779\" src=\"data:image\/svg+xml,%3Csvg%20xmlns%3D%27http%3A%2F%2Fwww.w3.org%2F2000%2Fsvg%27%20width%3D%2765%27%20height%3D%2750%27%20viewBox%3D%270%200%2065%2050%27%3E%3Crect%20width%3D%2765%27%20height%3D%2750%27%20fill-opacity%3D%220%22%2F%3E%3C%2Fsvg%3E\" data-orig-src=\"https:\/\/onandia-abogados.com\/wp-content\/uploads\/2023\/02\/picto-consulta-rapida.png\" alt=\"Consulta r\u00e1pida\" width=\"65\" height=\"50\" \/><\/div>\n<div class=\"col-md-7 col-xs-7\" style=\"text-align: left; margin-bottom: 20px;\">\n<p><span style=\"font-weight: bold; font-size: 26px; color: white; margin-top: 20px; padding-top: 20px;\">Consulta r\u00e0pida 24h<\/span><\/p>\n<\/div>\n<\/div>\n<\/div>\n<\/div>\n<\/div>\n<div class=\"wpcf7 no-js\" id=\"wpcf7-f7921-o1\" lang=\"es-ES\" dir=\"ltr\" data-wpcf7-id=\"7921\">\n<div class=\"screen-reader-response\"><p role=\"status\" aria-live=\"polite\" aria-atomic=\"true\"><\/p> <ul><\/ul><\/div>\n<form action=\"\/ca\/wp-json\/wp\/v2\/posts\/7322#wpcf7-f7921-o1\" method=\"post\" class=\"wpcf7-form init\" aria-label=\"Formulario de contacto\" novalidate=\"novalidate\" data-status=\"init\">\n<fieldset class=\"hidden-fields-container\"><input type=\"hidden\" name=\"_wpcf7\" value=\"7921\" \/><input type=\"hidden\" name=\"_wpcf7_version\" value=\"6.1.5\" \/><input type=\"hidden\" name=\"_wpcf7_locale\" value=\"es_ES\" \/><input type=\"hidden\" name=\"_wpcf7_unit_tag\" value=\"wpcf7-f7921-o1\" \/><input type=\"hidden\" name=\"_wpcf7_container_post\" value=\"0\" \/><input type=\"hidden\" name=\"_wpcf7_posted_data_hash\" value=\"\" \/><input type=\"hidden\" name=\"_wpcf7_recaptcha_response\" value=\"\" \/>\n<\/fieldset>\n<div class=\"col-md-12\">\n\t<p><span class=\"wpcf7-form-control-wrap\" data-name=\"your-name\"><input size=\"40\" maxlength=\"400\" class=\"wpcf7-form-control wpcf7-text wpcf7-validates-as-required\" aria-required=\"true\" aria-invalid=\"false\" placeholder=\"Nom (obligatorio)\" value=\"\" type=\"text\" name=\"your-name\" \/><\/span>\n\t<\/p>\n<\/div>\n<div class=\"col-md-12\">\n\t<p><span class=\"wpcf7-form-control-wrap\" data-name=\"telefono\"><input size=\"40\" maxlength=\"400\" class=\"wpcf7-form-control wpcf7-tel wpcf7-validates-as-required wpcf7-text wpcf7-validates-as-tel\" aria-required=\"true\" aria-invalid=\"false\" placeholder=\"Tel\u00e8fon (obligatorio)\" value=\"\" type=\"tel\" name=\"telefono\" \/><\/span>\n\t<\/p>\n<\/div>\n<div class=\"col-md-12\">\n\t<p><span class=\"wpcf7-form-control-wrap\" data-name=\"your-email\"><input size=\"40\" maxlength=\"400\" class=\"wpcf7-form-control wpcf7-email wpcf7-validates-as-required wpcf7-text wpcf7-validates-as-email\" aria-required=\"true\" aria-invalid=\"false\" placeholder=\"E-mail (obligatorio)\" value=\"\" type=\"email\" name=\"your-email\" \/><\/span>\n\t<\/p>\n<\/div>\n<div class=\"col-md-12\">\n\t<p><span class=\"wpcf7-form-control-wrap\" data-name=\"consultas\"><textarea cols=\"40\" rows=\"10\" maxlength=\"2000\" class=\"wpcf7-form-control wpcf7-textarea\" aria-invalid=\"false\" placeholder=\"Quina \u00e9s la teva consulta?\" name=\"consultas\"><\/textarea><\/span>\n\t<\/p>\n<\/div>\n<div class=\"col-md-12 politicas\">\n\t<p><span class=\"wpcf7-form-control-wrap\" data-name=\"politicas\"><span class=\"wpcf7-form-control wpcf7-acceptance\"><span class=\"wpcf7-list-item\"><input type=\"checkbox\" name=\"politicas\" value=\"1\" aria-invalid=\"false\" \/><\/span><\/span><\/span> He llegit i accepto la <a href=\"\/ca\/politica-de-privacitat\/\" target=\"_blank\" style=\"color:#FFF;\">pol\u00edtica de privacitat<\/a>\n\t<\/p>\n<\/div>\n<div class=\"col-md-12\" style=\"margin:auto auto; text-align:left;margin-bottom:5px;\">\n\t<div class=\"col-md-12\" style=\"height: 60px; overflow: scroll; overflow-x:hidden; font-size: 0.6em; line-height: 110%; color: white; background-color:#00A7D8;border:1px solid white; text-align:justify;\">\n\t\t<p>En compliment de la normativa vigent de Protecci\u00f3 de Dades de Car\u00e0cter Personal, li comuniquem que les dades recollides en el present formulari quedaran incorporats i seran tractats en el fitxer denominat Usuaris Web sota la responsabilitat de RAM\u00d3N ONANDIA ALSIUS amb la finalitat de poder prestar els seus serveis, aix\u00ed com per a mantenir-me informat sobre q\u00fcestions relatives a l'activitat de l'empresa.<br \/>\nL'informem que les dades que ens faciliti seran tractats de forma lleial, transparent, adequada, pertinent, limitada, exacta i actualitzada i no es comunicaran o cediran a tercers, exceptuant que aquesta comunicaci\u00f3 sigui necess\u00e0ria o pugui suposar una millora per a la finalitat d'aquests, sempre concorde a la normativa vigent en mat\u00e8ria de protecci\u00f3 de dades, Reglament General de Protecci\u00f3 de Dades.<br \/>\nEn el cas que es produeixin canvis en algunes de les dades facilitades, amb la finalitat de mantenir el nostre fitxer actualitzat, li preguem, ens el comuniqui per escrit.<br \/>\nL'informem de la possibilitat que t\u00e9 d'exercir els drets d'acc\u00e9s, rectificaci\u00f3, supressi\u00f3, oposici\u00f3, limitaci\u00f3 del tractament i portabilitat de les seves dades de car\u00e0cter personal de forma presencial en les oficines de RAM\u00d3N ONANDIA ALSIUS, acompanyant c\u00f2pia de DNI, o b\u00e9 mitjan\u00e7ant correu postal a RAMBLA CATALUNYA 87 2n D de BARCELONA, 08008 BARCELONA, o correu electr\u00f2nic roa@onandia.com.\n\t\t<\/p>\n\t<\/div>\n<\/div>\n<div class=\"col-md-12\" style=\"text-align:center;\">\n\n<\/div>\n<div class=\"col-md-12\" style=\"text-align:center;\">\n\t<p><input class=\"wpcf7-form-control wpcf7-submit has-spinner btn-enviar-form\" type=\"submit\" value=\"ENVIAR\" \/>\n\t<\/p>\n<\/div><div class=\"fusion-alert alert custom alert-custom fusion-alert-center wpcf7-response-output awb-alert-native-link-color alert-dismissable awb-alert-close-boxed\" style=\"--awb-border-size:1px;--awb-border-top-left-radius:0px;--awb-border-top-right-radius:0px;--awb-border-bottom-left-radius:0px;--awb-border-bottom-right-radius:0px;\" role=\"alert\"><div class=\"fusion-alert-content-wrapper\"><span class=\"fusion-alert-content\"><\/span><\/div><button type=\"button\" class=\"close toggle-alert\" data-dismiss=\"alert\" aria-label=\"Close\">&times;<\/button><\/div>\n<\/form>\n<\/div>\n<\/div><\/div><div class=\"fusion-layout-column fusion_builder_column fusion-builder-column-4 fusion_builder_column_1_5 1_5 fusion-flex-column\" style=\"--awb-bg-size:cover;--awb-width-large:20%;--awb-margin-top-large:0px;--awb-spacing-right-large:9.6%;--awb-margin-bottom-large:20px;--awb-spacing-left-large:9.6%;--awb-width-medium:100%;--awb-order-medium:0;--awb-spacing-right-medium:1.92%;--awb-spacing-left-medium:1.92%;--awb-width-small:100%;--awb-order-small:0;--awb-spacing-right-small:1.92%;--awb-spacing-left-small:1.92%;\"><div class=\"fusion-column-wrapper fusion-column-has-shadow fusion-flex-justify-content-flex-start fusion-content-layout-column\"><\/div><\/div><\/div><\/div>\n<\/p>\n\n\n<div class=\"kk-star-ratings kksr-auto kksr-align-left kksr-valign-bottom\"\n    data-payload='{&quot;align&quot;:&quot;left&quot;,&quot;id&quot;:&quot;7322&quot;,&quot;slug&quot;:&quot;default&quot;,&quot;valign&quot;:&quot;bottom&quot;,&quot;ignore&quot;:&quot;&quot;,&quot;reference&quot;:&quot;auto&quot;,&quot;class&quot;:&quot;&quot;,&quot;count&quot;:&quot;0&quot;,&quot;legendonly&quot;:&quot;&quot;,&quot;readonly&quot;:&quot;&quot;,&quot;score&quot;:&quot;0&quot;,&quot;starsonly&quot;:&quot;&quot;,&quot;best&quot;:&quot;5&quot;,&quot;gap&quot;:&quot;0&quot;,&quot;greet&quot;:&quot;&quot;,&quot;legend&quot;:&quot;0\\\/5 - (0 votes)&quot;,&quot;size&quot;:&quot;24&quot;,&quot;title&quot;:&quot;Un Accident a casa teletreballant es considera Accident Laboral?&quot;,&quot;width&quot;:&quot;0&quot;,&quot;_legend&quot;:&quot;{score}\\\/{best} - ({count} {votes})&quot;,&quot;font_factor&quot;:&quot;1.25&quot;}'>\n            \n<div class=\"kksr-stars\">\n    \n<div class=\"kksr-stars-inactive\">\n            <div class=\"kksr-star\" data-star=\"1\" style=\"padding-right: 0px\">\n            \n\n<div class=\"kksr-icon\" style=\"width: 24px; height: 24px;\"><\/div>\n        <\/div>\n            <div class=\"kksr-star\" data-star=\"2\" style=\"padding-right: 0px\">\n            \n\n<div class=\"kksr-icon\" style=\"width: 24px; height: 24px;\"><\/div>\n        <\/div>\n            <div class=\"kksr-star\" data-star=\"3\" style=\"padding-right: 0px\">\n            \n\n<div class=\"kksr-icon\" style=\"width: 24px; height: 24px;\"><\/div>\n        <\/div>\n            <div class=\"kksr-star\" data-star=\"4\" style=\"padding-right: 0px\">\n            \n\n<div class=\"kksr-icon\" style=\"width: 24px; height: 24px;\"><\/div>\n        <\/div>\n            <div class=\"kksr-star\" data-star=\"5\" style=\"padding-right: 0px\">\n            \n\n<div class=\"kksr-icon\" style=\"width: 24px; height: 24px;\"><\/div>\n        <\/div>\n    <\/div>\n    \n<div class=\"kksr-stars-active\" style=\"width: 0px;\">\n            <div class=\"kksr-star\" style=\"padding-right: 0px\">\n            \n\n<div class=\"kksr-icon\" style=\"width: 24px; height: 24px;\"><\/div>\n        <\/div>\n            <div class=\"kksr-star\" style=\"padding-right: 0px\">\n            \n\n<div class=\"kksr-icon\" style=\"width: 24px; height: 24px;\"><\/div>\n        <\/div>\n            <div class=\"kksr-star\" style=\"padding-right: 0px\">\n            \n\n<div class=\"kksr-icon\" style=\"width: 24px; height: 24px;\"><\/div>\n        <\/div>\n            <div class=\"kksr-star\" style=\"padding-right: 0px\">\n            \n\n<div class=\"kksr-icon\" style=\"width: 24px; height: 24px;\"><\/div>\n        <\/div>\n            <div class=\"kksr-star\" style=\"padding-right: 0px\">\n            \n\n<div class=\"kksr-icon\" style=\"width: 24px; height: 24px;\"><\/div>\n        <\/div>\n    <\/div>\n<\/div>\n                \n\n<div class=\"kksr-legend\" style=\"font-size: 19.2px;\">\n            <span class=\"kksr-muted\"><\/span>\n    <\/div>\n    <\/div>\n","protected":false},"excerpt":{"rendered":"","protected":false},"author":2,"featured_media":7325,"comment_status":"closed","ping_status":"closed","sticky":false,"template":"","format":"standard","meta":{"footnotes":""},"categories":[156,1],"tags":[],"class_list":["post-7322","post","type-post","status-publish","format-standard","has-post-thumbnail","hentry","category-accidents-laborals","category-sin-categorizar"],"yoast_head":"<!-- This site is optimized with the Yoast SEO plugin v27.4 - https:\/\/yoast.com\/product\/yoast-seo-wordpress\/ -->\n<title>Un Accident a casa teletreballant es considera Accident Laboral?<\/title>\n<meta name=\"description\" content=\"Est\u00e0s a casa teletreballant i pateixes un accident es tracta d&#039;un accident laboral? Descobreix en quins casos ho \u00e9s i en quins haur\u00e0s de demostrar-ho\" \/>\n<meta name=\"robots\" content=\"index, follow, max-snippet:-1, max-image-preview:large, max-video-preview:-1\" \/>\n<link rel=\"canonical\" href=\"https:\/\/onandia-abogados.com\/ca\/blog\/accident-laboral-teletreballant\/\" \/>\n<meta property=\"og:locale\" content=\"ca_ES\" \/>\n<meta property=\"og:type\" content=\"article\" \/>\n<meta property=\"og:title\" content=\"Un Accident a casa teletreballant es considera Accident Laboral?\" \/>\n<meta property=\"og:description\" content=\"Est\u00e0s a casa teletreballant i pateixes un accident es tracta d&#039;un accident laboral? Descobreix en quins casos ho \u00e9s i en quins haur\u00e0s de demostrar-ho\" \/>\n<meta property=\"og:url\" content=\"https:\/\/onandia-abogados.com\/ca\/blog\/accident-laboral-teletreballant\/\" \/>\n<meta property=\"og:site_name\" content=\"\u2705 Abogados especialistas en Accidentes Barcelona | Onandia\" \/>\n<meta property=\"article:published_time\" content=\"2021-06-01T16:09:42+00:00\" \/>\n<meta property=\"article:modified_time\" content=\"2024-06-25T13:15:28+00:00\" \/>\n<meta property=\"og:image\" content=\"https:\/\/onandia-abogados.com\/wp-content\/uploads\/2021\/06\/persona-teletraballant.jpg\" \/>\n\t<meta property=\"og:image:width\" content=\"540\" \/>\n\t<meta property=\"og:image:height\" content=\"402\" \/>\n\t<meta property=\"og:image:type\" content=\"image\/jpeg\" \/>\n<meta name=\"author\" content=\"Ram\u00f3n Onandia\" \/>\n<script type=\"application\/ld+json\" class=\"yoast-schema-graph\">{\"@context\":\"https:\\\/\\\/schema.org\",\"@graph\":[{\"@type\":\"Article\",\"@id\":\"https:\\\/\\\/onandia-abogados.com\\\/ca\\\/blog\\\/accident-laboral-teletreballant\\\/#article\",\"isPartOf\":{\"@id\":\"https:\\\/\\\/onandia-abogados.com\\\/ca\\\/blog\\\/accident-laboral-teletreballant\\\/\"},\"author\":{\"name\":\"Ram\u00f3n Onandia\",\"@id\":\"https:\\\/\\\/onandia-abogados.com\\\/ca\\\/#\\\/schema\\\/person\\\/39b20a8caea66caba59cefc6542aef9a\"},\"headline\":\"Un Accident a casa teletreballant es considera Accident Laboral?\",\"datePublished\":\"2021-06-01T16:09:42+00:00\",\"dateModified\":\"2024-06-25T13:15:28+00:00\",\"mainEntityOfPage\":{\"@id\":\"https:\\\/\\\/onandia-abogados.com\\\/ca\\\/blog\\\/accident-laboral-teletreballant\\\/\"},\"wordCount\":1734,\"publisher\":{\"@id\":\"https:\\\/\\\/onandia-abogados.com\\\/ca\\\/#organization\"},\"image\":{\"@id\":\"https:\\\/\\\/onandia-abogados.com\\\/ca\\\/blog\\\/accident-laboral-teletreballant\\\/#primaryimage\"},\"thumbnailUrl\":\"https:\\\/\\\/onandia-abogados.com\\\/wp-content\\\/uploads\\\/2021\\\/06\\\/persona-teletraballant.jpg\",\"articleSection\":[\"Accidents Laborals\",\"Sin categorizar\"],\"inLanguage\":\"ca\"},{\"@type\":\"WebPage\",\"@id\":\"https:\\\/\\\/onandia-abogados.com\\\/ca\\\/blog\\\/accident-laboral-teletreballant\\\/\",\"url\":\"https:\\\/\\\/onandia-abogados.com\\\/ca\\\/blog\\\/accident-laboral-teletreballant\\\/\",\"name\":\"Un Accident a casa teletreballant es considera Accident Laboral?\",\"isPartOf\":{\"@id\":\"https:\\\/\\\/onandia-abogados.com\\\/ca\\\/#website\"},\"primaryImageOfPage\":{\"@id\":\"https:\\\/\\\/onandia-abogados.com\\\/ca\\\/blog\\\/accident-laboral-teletreballant\\\/#primaryimage\"},\"image\":{\"@id\":\"https:\\\/\\\/onandia-abogados.com\\\/ca\\\/blog\\\/accident-laboral-teletreballant\\\/#primaryimage\"},\"thumbnailUrl\":\"https:\\\/\\\/onandia-abogados.com\\\/wp-content\\\/uploads\\\/2021\\\/06\\\/persona-teletraballant.jpg\",\"datePublished\":\"2021-06-01T16:09:42+00:00\",\"dateModified\":\"2024-06-25T13:15:28+00:00\",\"description\":\"Est\u00e0s a casa teletreballant i pateixes un accident es tracta d'un accident laboral? Descobreix en quins casos ho \u00e9s i en quins haur\u00e0s de demostrar-ho\",\"breadcrumb\":{\"@id\":\"https:\\\/\\\/onandia-abogados.com\\\/ca\\\/blog\\\/accident-laboral-teletreballant\\\/#breadcrumb\"},\"inLanguage\":\"ca\",\"potentialAction\":[{\"@type\":\"ReadAction\",\"target\":[\"https:\\\/\\\/onandia-abogados.com\\\/ca\\\/blog\\\/accident-laboral-teletreballant\\\/\"]}]},{\"@type\":\"ImageObject\",\"inLanguage\":\"ca\",\"@id\":\"https:\\\/\\\/onandia-abogados.com\\\/ca\\\/blog\\\/accident-laboral-teletreballant\\\/#primaryimage\",\"url\":\"https:\\\/\\\/onandia-abogados.com\\\/wp-content\\\/uploads\\\/2021\\\/06\\\/persona-teletraballant.jpg\",\"contentUrl\":\"https:\\\/\\\/onandia-abogados.com\\\/wp-content\\\/uploads\\\/2021\\\/06\\\/persona-teletraballant.jpg\",\"width\":540,\"height\":402,\"caption\":\"Persona treballant desde casa\"},{\"@type\":\"BreadcrumbList\",\"@id\":\"https:\\\/\\\/onandia-abogados.com\\\/ca\\\/blog\\\/accident-laboral-teletreballant\\\/#breadcrumb\",\"itemListElement\":[{\"@type\":\"ListItem\",\"position\":1,\"name\":\"Portada\",\"item\":\"https:\\\/\\\/onandia-abogados.com\\\/ca\\\/\"},{\"@type\":\"ListItem\",\"position\":2,\"name\":\"Un Accident a casa teletreballant es considera Accident Laboral?\"}]},{\"@type\":\"WebSite\",\"@id\":\"https:\\\/\\\/onandia-abogados.com\\\/ca\\\/#website\",\"url\":\"https:\\\/\\\/onandia-abogados.com\\\/ca\\\/\",\"name\":\"Abogados Onandia Barcelona\",\"description\":\"Advocats especialistes en accidents de tr\u00e0nsit\",\"publisher\":{\"@id\":\"https:\\\/\\\/onandia-abogados.com\\\/ca\\\/#organization\"},\"potentialAction\":[{\"@type\":\"SearchAction\",\"target\":{\"@type\":\"EntryPoint\",\"urlTemplate\":\"https:\\\/\\\/onandia-abogados.com\\\/ca\\\/?s={search_term_string}\"},\"query-input\":{\"@type\":\"PropertyValueSpecification\",\"valueRequired\":true,\"valueName\":\"search_term_string\"}}],\"inLanguage\":\"ca\"},{\"@type\":\"Organization\",\"@id\":\"https:\\\/\\\/onandia-abogados.com\\\/ca\\\/#organization\",\"name\":\"Onandia Abogados\",\"url\":\"https:\\\/\\\/onandia-abogados.com\\\/ca\\\/\",\"logo\":{\"@type\":\"ImageObject\",\"inLanguage\":\"ca\",\"@id\":\"https:\\\/\\\/onandia-abogados.com\\\/ca\\\/#\\\/schema\\\/logo\\\/image\\\/\",\"url\":\"https:\\\/\\\/onandia-abogados.com\\\/wp-content\\\/uploads\\\/2023\\\/05\\\/abogados-onandia.svg\",\"contentUrl\":\"https:\\\/\\\/onandia-abogados.com\\\/wp-content\\\/uploads\\\/2023\\\/05\\\/abogados-onandia.svg\",\"width\":751,\"height\":262,\"caption\":\"Onandia Abogados\"},\"image\":{\"@id\":\"https:\\\/\\\/onandia-abogados.com\\\/ca\\\/#\\\/schema\\\/logo\\\/image\\\/\"}},{\"@type\":\"Person\",\"@id\":\"https:\\\/\\\/onandia-abogados.com\\\/ca\\\/#\\\/schema\\\/person\\\/39b20a8caea66caba59cefc6542aef9a\",\"name\":\"Ram\u00f3n Onandia\",\"image\":{\"@type\":\"ImageObject\",\"inLanguage\":\"ca\",\"@id\":\"https:\\\/\\\/onandia-abogados.com\\\/wp-content\\\/litespeed\\\/avatar\\\/c77ad4db75b48839e4afd3cf065bf8e6.jpg?ver=1777565789\",\"url\":\"https:\\\/\\\/onandia-abogados.com\\\/wp-content\\\/litespeed\\\/avatar\\\/c77ad4db75b48839e4afd3cf065bf8e6.jpg?ver=1777565789\",\"contentUrl\":\"https:\\\/\\\/onandia-abogados.com\\\/wp-content\\\/litespeed\\\/avatar\\\/c77ad4db75b48839e4afd3cf065bf8e6.jpg?ver=1777565789\",\"caption\":\"Ram\u00f3n Onandia\"},\"description\":\"Ram\u00f3n Onandia es abogado del despacho Onandia Abogados de Barcelona, especializado en la reclamaci\u00f3n de indemnizaciones por accidente de tr\u00e1fico, accidentes laborales y negligencias m\u00e9dicas.\",\"sameAs\":[\"https:\\\/\\\/onandia-abogados.com\"],\"url\":\"https:\\\/\\\/onandia-abogados.com\\\/abogado-ramon-onandia-alsius\\\/\"}]}<\/script>\n<!-- \/ Yoast SEO plugin. -->","yoast_head_json":{"title":"Un Accident a casa teletreballant es considera Accident Laboral?","description":"Est\u00e0s a casa teletreballant i pateixes un accident es tracta d'un accident laboral? Descobreix en quins casos ho \u00e9s i en quins haur\u00e0s de demostrar-ho","robots":{"index":"index","follow":"follow","max-snippet":"max-snippet:-1","max-image-preview":"max-image-preview:large","max-video-preview":"max-video-preview:-1"},"canonical":"https:\/\/onandia-abogados.com\/ca\/blog\/accident-laboral-teletreballant\/","og_locale":"ca_ES","og_type":"article","og_title":"Un Accident a casa teletreballant es considera Accident Laboral?","og_description":"Est\u00e0s a casa teletreballant i pateixes un accident es tracta d'un accident laboral? Descobreix en quins casos ho \u00e9s i en quins haur\u00e0s de demostrar-ho","og_url":"https:\/\/onandia-abogados.com\/ca\/blog\/accident-laboral-teletreballant\/","og_site_name":"\u2705 Abogados especialistas en Accidentes Barcelona | Onandia","article_published_time":"2021-06-01T16:09:42+00:00","article_modified_time":"2024-06-25T13:15:28+00:00","og_image":[{"width":540,"height":402,"url":"https:\/\/onandia-abogados.com\/wp-content\/uploads\/2021\/06\/persona-teletraballant.jpg","type":"image\/jpeg"}],"author":"Ram\u00f3n Onandia","schema":{"@context":"https:\/\/schema.org","@graph":[{"@type":"Article","@id":"https:\/\/onandia-abogados.com\/ca\/blog\/accident-laboral-teletreballant\/#article","isPartOf":{"@id":"https:\/\/onandia-abogados.com\/ca\/blog\/accident-laboral-teletreballant\/"},"author":{"name":"Ram\u00f3n Onandia","@id":"https:\/\/onandia-abogados.com\/ca\/#\/schema\/person\/39b20a8caea66caba59cefc6542aef9a"},"headline":"Un Accident a casa teletreballant es considera Accident Laboral?","datePublished":"2021-06-01T16:09:42+00:00","dateModified":"2024-06-25T13:15:28+00:00","mainEntityOfPage":{"@id":"https:\/\/onandia-abogados.com\/ca\/blog\/accident-laboral-teletreballant\/"},"wordCount":1734,"publisher":{"@id":"https:\/\/onandia-abogados.com\/ca\/#organization"},"image":{"@id":"https:\/\/onandia-abogados.com\/ca\/blog\/accident-laboral-teletreballant\/#primaryimage"},"thumbnailUrl":"https:\/\/onandia-abogados.com\/wp-content\/uploads\/2021\/06\/persona-teletraballant.jpg","articleSection":["Accidents Laborals","Sin categorizar"],"inLanguage":"ca"},{"@type":"WebPage","@id":"https:\/\/onandia-abogados.com\/ca\/blog\/accident-laboral-teletreballant\/","url":"https:\/\/onandia-abogados.com\/ca\/blog\/accident-laboral-teletreballant\/","name":"Un Accident a casa teletreballant es considera Accident Laboral?","isPartOf":{"@id":"https:\/\/onandia-abogados.com\/ca\/#website"},"primaryImageOfPage":{"@id":"https:\/\/onandia-abogados.com\/ca\/blog\/accident-laboral-teletreballant\/#primaryimage"},"image":{"@id":"https:\/\/onandia-abogados.com\/ca\/blog\/accident-laboral-teletreballant\/#primaryimage"},"thumbnailUrl":"https:\/\/onandia-abogados.com\/wp-content\/uploads\/2021\/06\/persona-teletraballant.jpg","datePublished":"2021-06-01T16:09:42+00:00","dateModified":"2024-06-25T13:15:28+00:00","description":"Est\u00e0s a casa teletreballant i pateixes un accident es tracta d'un accident laboral? Descobreix en quins casos ho \u00e9s i en quins haur\u00e0s de demostrar-ho","breadcrumb":{"@id":"https:\/\/onandia-abogados.com\/ca\/blog\/accident-laboral-teletreballant\/#breadcrumb"},"inLanguage":"ca","potentialAction":[{"@type":"ReadAction","target":["https:\/\/onandia-abogados.com\/ca\/blog\/accident-laboral-teletreballant\/"]}]},{"@type":"ImageObject","inLanguage":"ca","@id":"https:\/\/onandia-abogados.com\/ca\/blog\/accident-laboral-teletreballant\/#primaryimage","url":"https:\/\/onandia-abogados.com\/wp-content\/uploads\/2021\/06\/persona-teletraballant.jpg","contentUrl":"https:\/\/onandia-abogados.com\/wp-content\/uploads\/2021\/06\/persona-teletraballant.jpg","width":540,"height":402,"caption":"Persona treballant desde casa"},{"@type":"BreadcrumbList","@id":"https:\/\/onandia-abogados.com\/ca\/blog\/accident-laboral-teletreballant\/#breadcrumb","itemListElement":[{"@type":"ListItem","position":1,"name":"Portada","item":"https:\/\/onandia-abogados.com\/ca\/"},{"@type":"ListItem","position":2,"name":"Un Accident a casa teletreballant es considera Accident Laboral?"}]},{"@type":"WebSite","@id":"https:\/\/onandia-abogados.com\/ca\/#website","url":"https:\/\/onandia-abogados.com\/ca\/","name":"Abogados Onandia Barcelona","description":"Advocats especialistes en accidents de tr\u00e0nsit","publisher":{"@id":"https:\/\/onandia-abogados.com\/ca\/#organization"},"potentialAction":[{"@type":"SearchAction","target":{"@type":"EntryPoint","urlTemplate":"https:\/\/onandia-abogados.com\/ca\/?s={search_term_string}"},"query-input":{"@type":"PropertyValueSpecification","valueRequired":true,"valueName":"search_term_string"}}],"inLanguage":"ca"},{"@type":"Organization","@id":"https:\/\/onandia-abogados.com\/ca\/#organization","name":"Onandia Abogados","url":"https:\/\/onandia-abogados.com\/ca\/","logo":{"@type":"ImageObject","inLanguage":"ca","@id":"https:\/\/onandia-abogados.com\/ca\/#\/schema\/logo\/image\/","url":"https:\/\/onandia-abogados.com\/wp-content\/uploads\/2023\/05\/abogados-onandia.svg","contentUrl":"https:\/\/onandia-abogados.com\/wp-content\/uploads\/2023\/05\/abogados-onandia.svg","width":751,"height":262,"caption":"Onandia Abogados"},"image":{"@id":"https:\/\/onandia-abogados.com\/ca\/#\/schema\/logo\/image\/"}},{"@type":"Person","@id":"https:\/\/onandia-abogados.com\/ca\/#\/schema\/person\/39b20a8caea66caba59cefc6542aef9a","name":"Ram\u00f3n Onandia","image":{"@type":"ImageObject","inLanguage":"ca","@id":"https:\/\/onandia-abogados.com\/wp-content\/litespeed\/avatar\/c77ad4db75b48839e4afd3cf065bf8e6.jpg?ver=1777565789","url":"https:\/\/onandia-abogados.com\/wp-content\/litespeed\/avatar\/c77ad4db75b48839e4afd3cf065bf8e6.jpg?ver=1777565789","contentUrl":"https:\/\/onandia-abogados.com\/wp-content\/litespeed\/avatar\/c77ad4db75b48839e4afd3cf065bf8e6.jpg?ver=1777565789","caption":"Ram\u00f3n Onandia"},"description":"Ram\u00f3n Onandia es abogado del despacho Onandia Abogados de Barcelona, especializado en la reclamaci\u00f3n de indemnizaciones por accidente de tr\u00e1fico, accidentes laborales y negligencias m\u00e9dicas.","sameAs":["https:\/\/onandia-abogados.com"],"url":"https:\/\/onandia-abogados.com\/abogado-ramon-onandia-alsius\/"}]}},"_links":{"self":[{"href":"https:\/\/onandia-abogados.com\/ca\/wp-json\/wp\/v2\/posts\/7322","targetHints":{"allow":["GET"]}}],"collection":[{"href":"https:\/\/onandia-abogados.com\/ca\/wp-json\/wp\/v2\/posts"}],"about":[{"href":"https:\/\/onandia-abogados.com\/ca\/wp-json\/wp\/v2\/types\/post"}],"author":[{"embeddable":true,"href":"https:\/\/onandia-abogados.com\/ca\/wp-json\/wp\/v2\/users\/2"}],"replies":[{"embeddable":true,"href":"https:\/\/onandia-abogados.com\/ca\/wp-json\/wp\/v2\/comments?post=7322"}],"version-history":[{"count":0,"href":"https:\/\/onandia-abogados.com\/ca\/wp-json\/wp\/v2\/posts\/7322\/revisions"}],"wp:featuredmedia":[{"embeddable":true,"href":"https:\/\/onandia-abogados.com\/ca\/wp-json\/wp\/v2\/media\/7325"}],"wp:attachment":[{"href":"https:\/\/onandia-abogados.com\/ca\/wp-json\/wp\/v2\/media?parent=7322"}],"wp:term":[{"taxonomy":"category","embeddable":true,"href":"https:\/\/onandia-abogados.com\/ca\/wp-json\/wp\/v2\/categories?post=7322"},{"taxonomy":"post_tag","embeddable":true,"href":"https:\/\/onandia-abogados.com\/ca\/wp-json\/wp\/v2\/tags?post=7322"}],"curies":[{"name":"wp","href":"https:\/\/api.w.org\/{rel}","templated":true}]}}