{"id":7346,"date":"2021-03-18T14:37:28","date_gmt":"2021-03-18T14:37:28","guid":{"rendered":"https:\/\/onandia-abogados.com\/blog\/casos-de-exito-accidentes-de-trafico-indemnizacion-por-secuelas-y-latigazo-cervical\/"},"modified":"2024-06-28T09:00:36","modified_gmt":"2024-06-28T09:00:36","slug":"indemnitzacio-per-sequeles-i-fuetada-cervical","status":"publish","type":"post","link":"https:\/\/onandia-abogados.com\/ca\/blog\/indemnitzacio-per-sequeles-i-fuetada-cervical\/","title":{"rendered":"Indemnitzaci\u00f3 per seq\u00fceles i fuetada cervical"},"content":{"rendered":"<p><div class=\"fusion-fullwidth fullwidth-box fusion-builder-row-1 fusion-flex-container nonhundred-percent-fullwidth non-hundred-percent-height-scrolling\" style=\"--awb-border-radius-top-left:0px;--awb-border-radius-top-right:0px;--awb-border-radius-bottom-right:0px;--awb-border-radius-bottom-left:0px;--awb-flex-wrap:wrap;\" ><div class=\"fusion-builder-row fusion-row fusion-flex-align-items-flex-start fusion-flex-content-wrap\" style=\"max-width:1352px;margin-left: calc(-4% \/ 2 );margin-right: calc(-4% \/ 2 );\"><div class=\"fusion-layout-column fusion_builder_column fusion-builder-column-0 fusion_builder_column_1_1 1_1 fusion-flex-column\" style=\"--awb-bg-size:cover;--awb-width-large:100%;--awb-margin-top-large:0px;--awb-spacing-right-large:1.92%;--awb-margin-bottom-large:0px;--awb-spacing-left-large:1.92%;--awb-width-medium:100%;--awb-spacing-right-medium:1.92%;--awb-spacing-left-medium:1.92%;--awb-width-small:100%;--awb-spacing-right-small:1.92%;--awb-spacing-left-small:1.92%;\"><div class=\"fusion-column-wrapper fusion-flex-justify-content-flex-start fusion-content-layout-column\"><div class=\"fusion-text fusion-text-1\"><p>El nostre client va patir un accident de tr\u00e0nsit quan circulava pel terme municipal de Santa Mar\u00eda de Palau Tordera, a la comarca del Vall\u00e9s Oriental, i un vehicle va efectuar un gir a l&#8217;esquerra sense adonar-se de la seva pres\u00e8ncia i envestint-lo frontalment. Arran de l&#8217;accident de tr\u00e0nsit el nostre client va patir lesions amb seq\u00fceles en el colze dret i fuetada cervical.<\/p>\n<p>Com a advocats especialistes en accidents de tr\u00e0nsit i indemnitzacions per fuetada cervical ens ocupem de tots els tr\u00e0mits, interposant la corresponent reclamaci\u00f3 a l&#8217;asseguradora del vehicle contrari per les seq\u00fceles derivades de l&#8217;accident.<\/p>\n<p>La companyia de segurs contr\u00e0ria al\u00b7legava falta de nexe causal entre la col\u00b7lisi\u00f3 de l&#8217;accident de tr\u00e0nsit i els danys personals, argumentant que eren deguts a una anterior lesi\u00f3 esportiva per anar amb bicicleta i valorava els danys a indemnitzar en un total de 3.009,50\u20ac<\/p>\n<p>El despatx d&#8217;Onandia Advocats, com que no estava conforme amb la indemnitzaci\u00f3 proposada, va interposar demanda judicial amb reclamaci\u00f3 d&#8217;una indemnitzaci\u00f3 de 20.946,73\u20ac pels danys personals causats.<\/p>\n<p>Ram\u00f3n Onandia, advocat titular del despatx, durant el judici va aportar diversos informes m\u00e8dics de proves que es van realitzar durant el tractament amb la seva evoluci\u00f3, demostrant d&#8217;aquesta manera que s\u00ed que existia relaci\u00f3 causal entre les lesions del colze i l&#8217;accident de tr\u00e0nsit.<\/p>\n<p>El jutjat va estimar completament la demanda d&#8217;indemnitzaci\u00f3 pels danys causats en l&#8217;accident tr\u00e0fic, condemnant a l&#8217;asseguradora contr\u00e0ria a pagar 20.946,73 \u20ac m\u00e9s els interessos corresponents.<\/p>\n<p>Consulta aqu\u00ed la <a href=\"https:\/\/onandia-abogados.com\/wp-content\/uploads\/2024\/06\/Sentencia-indemnizacion-por-secuelas-y-latigazo-cervical-20.11.2018.pdf\" target=\"_blank\" rel=\"noopener\">Sent\u00e8ncia<\/a><\/p>\n<\/div><\/div><\/div><\/div><\/div><div class=\"fusion-fullwidth fullwidth-box fusion-builder-row-2 fusion-flex-container nonhundred-percent-fullwidth non-hundred-percent-height-scrolling\" style=\"--awb-border-radius-top-left:0px;--awb-border-radius-top-right:0px;--awb-border-radius-bottom-right:0px;--awb-border-radius-bottom-left:0px;--awb-flex-wrap:wrap;\" ><div class=\"fusion-builder-row fusion-row fusion-flex-align-items-flex-start fusion-flex-content-wrap\" style=\"max-width:1352px;margin-left: calc(-4% \/ 2 );margin-right: calc(-4% \/ 2 );\"><div class=\"fusion-layout-column fusion_builder_column fusion-builder-column-1 fusion_builder_column_1_1 1_1 fusion-flex-column\" style=\"--awb-bg-size:cover;--awb-width-large:100%;--awb-margin-top-large:0px;--awb-spacing-right-large:1.92%;--awb-margin-bottom-large:20px;--awb-spacing-left-large:1.92%;--awb-width-medium:100%;--awb-spacing-right-medium:1.92%;--awb-spacing-left-medium:1.92%;--awb-width-small:100%;--awb-spacing-right-small:1.92%;--awb-spacing-left-small:1.92%;\"><div class=\"fusion-column-wrapper fusion-flex-justify-content-flex-start fusion-content-layout-column\"><div style=\"text-align:center;\"><a class=\"fusion-button button-flat button-xlarge button-default fusion-button-default button-1 fusion-button-default-span fusion-button-default-type boton-negrita\" target=\"_self\" href=\"tel: 934 88 11 25 \"><span class=\"fusion-button-text awb-button__text awb-button__text--default\">T\u2019informem GRATIS: 934 88 11 25<\/span><i class=\"fa-chevron-right fas awb-button__icon awb-button__icon--default button-icon-right\" aria-hidden=\"true\"><\/i><\/a><\/div><\/div><\/div><\/div><\/div><div class=\"fusion-fullwidth fullwidth-box fusion-builder-row-3 fusion-flex-container has-pattern-background has-mask-background nonhundred-percent-fullwidth non-hundred-percent-height-scrolling\" style=\"--awb-border-radius-top-left:0px;--awb-border-radius-top-right:0px;--awb-border-radius-bottom-right:0px;--awb-border-radius-bottom-left:0px;--awb-padding-top:30px;--awb-margin-top:30px;--awb-flex-wrap:wrap;\" ><div class=\"fusion-builder-row fusion-row fusion-flex-align-items-flex-start fusion-flex-content-wrap\" style=\"max-width:1352px;margin-left: calc(-4% \/ 2 );margin-right: calc(-4% \/ 2 );\"><div class=\"fusion-layout-column fusion_builder_column fusion-builder-column-2 fusion_builder_column_1_5 1_5 fusion-flex-column\" style=\"--awb-bg-size:cover;--awb-width-large:20%;--awb-margin-top-large:0px;--awb-spacing-right-large:9.6%;--awb-margin-bottom-large:20px;--awb-spacing-left-large:9.6%;--awb-width-medium:100%;--awb-order-medium:0;--awb-spacing-right-medium:1.92%;--awb-spacing-left-medium:1.92%;--awb-width-small:100%;--awb-order-small:0;--awb-spacing-right-small:1.92%;--awb-spacing-left-small:1.92%;\"><div class=\"fusion-column-wrapper fusion-column-has-shadow fusion-flex-justify-content-flex-start fusion-content-layout-column\"><div class=\"fusion-image-element \" style=\"--awb-caption-title-font-family:var(--h2_typography-font-family);--awb-caption-title-font-weight:var(--h2_typography-font-weight);--awb-caption-title-font-style:var(--h2_typography-font-style);--awb-caption-title-size:var(--h2_typography-font-size);--awb-caption-title-transform:var(--h2_typography-text-transform);--awb-caption-title-line-height:var(--h2_typography-line-height);--awb-caption-title-letter-spacing:var(--h2_typography-letter-spacing);\"><span class=\" fusion-imageframe imageframe-none imageframe-1 hover-type-none\"><img decoding=\"async\" width=\"600\" height=\"600\" title=\"CTA-solo-cobramos-si-tu-cobras_CAT\" src=\"https:\/\/onandia-abogados.com\/wp-content\/uploads\/2025\/12\/CTA-solo-cobramos-si-tu-cobras_CAT.png\" data-orig-src=\"https:\/\/onandia-abogados.com\/wp-content\/uploads\/2025\/12\/CTA-solo-cobramos-si-tu-cobras_CAT.png\" alt class=\"lazyload img-responsive wp-image-109715\" srcset=\"data:image\/svg+xml,%3Csvg%20xmlns%3D%27http%3A%2F%2Fwww.w3.org%2F2000%2Fsvg%27%20width%3D%27600%27%20height%3D%27600%27%20viewBox%3D%270%200%20600%20600%27%3E%3Crect%20width%3D%27600%27%20height%3D%27600%27%20fill-opacity%3D%220%22%2F%3E%3C%2Fsvg%3E\" data-srcset=\"https:\/\/onandia-abogados.com\/wp-content\/uploads\/2025\/12\/CTA-solo-cobramos-si-tu-cobras_CAT-200x200.png 200w, https:\/\/onandia-abogados.com\/wp-content\/uploads\/2025\/12\/CTA-solo-cobramos-si-tu-cobras_CAT-400x400.png 400w, https:\/\/onandia-abogados.com\/wp-content\/uploads\/2025\/12\/CTA-solo-cobramos-si-tu-cobras_CAT.png 600w\" data-sizes=\"auto\" data-orig-sizes=\"(max-width: 1024px) 100vw, (max-width: 640px) 100vw, 400px\" \/><\/span><\/div><\/div><\/div><div class=\"fusion-layout-column fusion_builder_column fusion-builder-column-3 fusion_builder_column_3_5 3_5 fusion-flex-column\" style=\"--awb-overflow:hidden;--awb-bg-color:#00a7d8;--awb-bg-color-hover:#00a7d8;--awb-bg-size:cover;--awb-border-radius:5px 5px 5px 5px;--awb-width-large:60%;--awb-margin-top-large:0px;--awb-spacing-right-large:3.2%;--awb-margin-bottom-large:20px;--awb-spacing-left-large:3.2%;--awb-width-medium:100%;--awb-order-medium:0;--awb-spacing-right-medium:1.92%;--awb-spacing-left-medium:1.92%;--awb-width-small:100%;--awb-order-small:0;--awb-spacing-right-small:1.92%;--awb-spacing-left-small:1.92%;\" data-scroll-devices=\"small-visibility,medium-visibility,large-visibility\"><div class=\"fusion-column-wrapper fusion-column-has-shadow fusion-flex-justify-content-flex-start fusion-content-layout-column\"><div class=\"fusion-text fusion-text-2\"><div class=\"fusion-text fusion-text-2\"><\/div>\n<div class=\"row\" style=\"width: 100%; margin-left: 1px; background-color: #00a7d8; text-align: center; padding-top: 20px; padding-bottom: 20px; border-radius: 5px;\">\n<div class=\"col-md-12\"><span style=\"font-weight: bold; font-size: 28px; color: white; margin-top: 20px; padding-top: 20px;\">Comen\u00e7a ara la teva reclamaci\u00f3 GRATIS<\/span><\/div>\n<div class=\"col-md-12\">\n<div class=\"row\">\n<div class=\"col-md-5 col-xs-5\" style=\"text-align: right;\"><img decoding=\"async\" class=\"lazyload alignnone wp-image-5779\" src=\"data:image\/svg+xml,%3Csvg%20xmlns%3D%27http%3A%2F%2Fwww.w3.org%2F2000%2Fsvg%27%20width%3D%2765%27%20height%3D%2750%27%20viewBox%3D%270%200%2065%2050%27%3E%3Crect%20width%3D%2765%27%20height%3D%2750%27%20fill-opacity%3D%220%22%2F%3E%3C%2Fsvg%3E\" data-orig-src=\"https:\/\/onandia-abogados.com\/wp-content\/uploads\/2023\/02\/picto-consulta-rapida.png\" alt=\"Consulta r\u00e1pida\" width=\"65\" height=\"50\" \/><\/div>\n<div class=\"col-md-7 col-xs-7\" style=\"text-align: left; margin-bottom: 20px;\">\n<p><span style=\"font-weight: bold; font-size: 26px; color: white; margin-top: 20px; padding-top: 20px;\">Consulta r\u00e0pida 24h<\/span><\/p>\n<\/div>\n<\/div>\n<\/div>\n<\/div>\n<\/div>\n<div class=\"wpcf7 no-js\" id=\"wpcf7-f7921-o1\" lang=\"es-ES\" dir=\"ltr\" data-wpcf7-id=\"7921\">\n<div class=\"screen-reader-response\"><p role=\"status\" aria-live=\"polite\" aria-atomic=\"true\"><\/p> <ul><\/ul><\/div>\n<form action=\"\/ca\/wp-json\/wp\/v2\/posts\/7346#wpcf7-f7921-o1\" method=\"post\" class=\"wpcf7-form init\" aria-label=\"Formulario de contacto\" novalidate=\"novalidate\" data-status=\"init\">\n<fieldset class=\"hidden-fields-container\"><input type=\"hidden\" name=\"_wpcf7\" value=\"7921\" \/><input type=\"hidden\" name=\"_wpcf7_version\" value=\"6.1.5\" \/><input type=\"hidden\" name=\"_wpcf7_locale\" value=\"es_ES\" \/><input type=\"hidden\" name=\"_wpcf7_unit_tag\" value=\"wpcf7-f7921-o1\" \/><input type=\"hidden\" name=\"_wpcf7_container_post\" value=\"0\" \/><input type=\"hidden\" name=\"_wpcf7_posted_data_hash\" value=\"\" \/><input type=\"hidden\" name=\"_wpcf7_recaptcha_response\" value=\"\" \/>\n<\/fieldset>\n<div class=\"col-md-12\">\n\t<p><span class=\"wpcf7-form-control-wrap\" data-name=\"your-name\"><input size=\"40\" maxlength=\"400\" class=\"wpcf7-form-control wpcf7-text wpcf7-validates-as-required\" aria-required=\"true\" aria-invalid=\"false\" placeholder=\"Nom (obligatorio)\" value=\"\" type=\"text\" name=\"your-name\" \/><\/span>\n\t<\/p>\n<\/div>\n<div class=\"col-md-12\">\n\t<p><span class=\"wpcf7-form-control-wrap\" data-name=\"telefono\"><input size=\"40\" maxlength=\"400\" class=\"wpcf7-form-control wpcf7-tel wpcf7-validates-as-required wpcf7-text wpcf7-validates-as-tel\" aria-required=\"true\" aria-invalid=\"false\" placeholder=\"Tel\u00e8fon (obligatorio)\" value=\"\" type=\"tel\" name=\"telefono\" \/><\/span>\n\t<\/p>\n<\/div>\n<div class=\"col-md-12\">\n\t<p><span class=\"wpcf7-form-control-wrap\" data-name=\"your-email\"><input size=\"40\" maxlength=\"400\" class=\"wpcf7-form-control wpcf7-email wpcf7-validates-as-required wpcf7-text wpcf7-validates-as-email\" aria-required=\"true\" aria-invalid=\"false\" placeholder=\"E-mail (obligatorio)\" value=\"\" type=\"email\" name=\"your-email\" \/><\/span>\n\t<\/p>\n<\/div>\n<div class=\"col-md-12\">\n\t<p><span class=\"wpcf7-form-control-wrap\" data-name=\"consultas\"><textarea cols=\"40\" rows=\"10\" maxlength=\"2000\" class=\"wpcf7-form-control wpcf7-textarea\" aria-invalid=\"false\" placeholder=\"Quina \u00e9s la teva consulta?\" name=\"consultas\"><\/textarea><\/span>\n\t<\/p>\n<\/div>\n<div class=\"col-md-12 politicas\">\n\t<p><span class=\"wpcf7-form-control-wrap\" data-name=\"politicas\"><span class=\"wpcf7-form-control wpcf7-acceptance\"><span class=\"wpcf7-list-item\"><input type=\"checkbox\" name=\"politicas\" value=\"1\" aria-invalid=\"false\" \/><\/span><\/span><\/span> He llegit i accepto la <a href=\"\/ca\/politica-de-privacitat\/\" target=\"_blank\" style=\"color:#FFF;\">pol\u00edtica de privacitat<\/a>\n\t<\/p>\n<\/div>\n<div class=\"col-md-12\" style=\"margin:auto auto; text-align:left;margin-bottom:5px;\">\n\t<div class=\"col-md-12\" style=\"height: 60px; overflow: scroll; overflow-x:hidden; font-size: 0.6em; line-height: 110%; color: white; background-color:#00A7D8;border:1px solid white; text-align:justify;\">\n\t\t<p>En compliment de la normativa vigent de Protecci\u00f3 de Dades de Car\u00e0cter Personal, li comuniquem que les dades recollides en el present formulari quedaran incorporats i seran tractats en el fitxer denominat Usuaris Web sota la responsabilitat de RAM\u00d3N ONANDIA ALSIUS amb la finalitat de poder prestar els seus serveis, aix\u00ed com per a mantenir-me informat sobre q\u00fcestions relatives a l'activitat de l'empresa.<br \/>\nL'informem que les dades que ens faciliti seran tractats de forma lleial, transparent, adequada, pertinent, limitada, exacta i actualitzada i no es comunicaran o cediran a tercers, exceptuant que aquesta comunicaci\u00f3 sigui necess\u00e0ria o pugui suposar una millora per a la finalitat d'aquests, sempre concorde a la normativa vigent en mat\u00e8ria de protecci\u00f3 de dades, Reglament General de Protecci\u00f3 de Dades.<br \/>\nEn el cas que es produeixin canvis en algunes de les dades facilitades, amb la finalitat de mantenir el nostre fitxer actualitzat, li preguem, ens el comuniqui per escrit.<br \/>\nL'informem de la possibilitat que t\u00e9 d'exercir els drets d'acc\u00e9s, rectificaci\u00f3, supressi\u00f3, oposici\u00f3, limitaci\u00f3 del tractament i portabilitat de les seves dades de car\u00e0cter personal de forma presencial en les oficines de RAM\u00d3N ONANDIA ALSIUS, acompanyant c\u00f2pia de DNI, o b\u00e9 mitjan\u00e7ant correu postal a RAMBLA CATALUNYA 87 2n D de BARCELONA, 08008 BARCELONA, o correu electr\u00f2nic roa@onandia.com.\n\t\t<\/p>\n\t<\/div>\n<\/div>\n<div class=\"col-md-12\" style=\"text-align:center;\">\n\n<\/div>\n<div class=\"col-md-12\" style=\"text-align:center;\">\n\t<p><input class=\"wpcf7-form-control wpcf7-submit has-spinner btn-enviar-form\" type=\"submit\" value=\"ENVIAR\" \/>\n\t<\/p>\n<\/div><div class=\"fusion-alert alert custom alert-custom fusion-alert-center wpcf7-response-output awb-alert-native-link-color alert-dismissable awb-alert-close-boxed\" style=\"--awb-border-size:1px;--awb-border-top-left-radius:0px;--awb-border-top-right-radius:0px;--awb-border-bottom-left-radius:0px;--awb-border-bottom-right-radius:0px;\" role=\"alert\"><div class=\"fusion-alert-content-wrapper\"><span class=\"fusion-alert-content\"><\/span><\/div><button type=\"button\" class=\"close toggle-alert\" data-dismiss=\"alert\" aria-label=\"Close\">&times;<\/button><\/div>\n<\/form>\n<\/div>\n<\/div><\/div><div class=\"fusion-layout-column fusion_builder_column fusion-builder-column-4 fusion_builder_column_1_5 1_5 fusion-flex-column\" style=\"--awb-bg-size:cover;--awb-width-large:20%;--awb-margin-top-large:0px;--awb-spacing-right-large:9.6%;--awb-margin-bottom-large:20px;--awb-spacing-left-large:9.6%;--awb-width-medium:100%;--awb-order-medium:0;--awb-spacing-right-medium:1.92%;--awb-spacing-left-medium:1.92%;--awb-width-small:100%;--awb-order-small:0;--awb-spacing-right-small:1.92%;--awb-spacing-left-small:1.92%;\"><div class=\"fusion-column-wrapper fusion-column-has-shadow fusion-flex-justify-content-flex-start fusion-content-layout-column\"><\/div><\/div><\/div><\/div>\n<\/p>\n\n\n<div class=\"kk-star-ratings kksr-auto kksr-align-left kksr-valign-bottom\"\n    data-payload='{&quot;align&quot;:&quot;left&quot;,&quot;id&quot;:&quot;7346&quot;,&quot;slug&quot;:&quot;default&quot;,&quot;valign&quot;:&quot;bottom&quot;,&quot;ignore&quot;:&quot;&quot;,&quot;reference&quot;:&quot;auto&quot;,&quot;class&quot;:&quot;&quot;,&quot;count&quot;:&quot;0&quot;,&quot;legendonly&quot;:&quot;&quot;,&quot;readonly&quot;:&quot;&quot;,&quot;score&quot;:&quot;0&quot;,&quot;starsonly&quot;:&quot;&quot;,&quot;best&quot;:&quot;5&quot;,&quot;gap&quot;:&quot;0&quot;,&quot;greet&quot;:&quot;&quot;,&quot;legend&quot;:&quot;0\\\/5 - (0 votes)&quot;,&quot;size&quot;:&quot;24&quot;,&quot;title&quot;:&quot;Indemnitzaci\u00f3 per seq\u00fceles i fuetada cervical&quot;,&quot;width&quot;:&quot;0&quot;,&quot;_legend&quot;:&quot;{score}\\\/{best} - ({count} {votes})&quot;,&quot;font_factor&quot;:&quot;1.25&quot;}'>\n            \n<div class=\"kksr-stars\">\n    \n<div class=\"kksr-stars-inactive\">\n            <div class=\"kksr-star\" data-star=\"1\" style=\"padding-right: 0px\">\n            \n\n<div class=\"kksr-icon\" style=\"width: 24px; height: 24px;\"><\/div>\n        <\/div>\n            <div class=\"kksr-star\" data-star=\"2\" style=\"padding-right: 0px\">\n            \n\n<div class=\"kksr-icon\" style=\"width: 24px; height: 24px;\"><\/div>\n        <\/div>\n            <div class=\"kksr-star\" data-star=\"3\" style=\"padding-right: 0px\">\n            \n\n<div class=\"kksr-icon\" style=\"width: 24px; height: 24px;\"><\/div>\n        <\/div>\n            <div class=\"kksr-star\" data-star=\"4\" style=\"padding-right: 0px\">\n            \n\n<div class=\"kksr-icon\" style=\"width: 24px; height: 24px;\"><\/div>\n        <\/div>\n            <div class=\"kksr-star\" data-star=\"5\" style=\"padding-right: 0px\">\n            \n\n<div class=\"kksr-icon\" style=\"width: 24px; height: 24px;\"><\/div>\n        <\/div>\n    <\/div>\n    \n<div class=\"kksr-stars-active\" style=\"width: 0px;\">\n            <div class=\"kksr-star\" style=\"padding-right: 0px\">\n            \n\n<div class=\"kksr-icon\" style=\"width: 24px; height: 24px;\"><\/div>\n        <\/div>\n            <div class=\"kksr-star\" style=\"padding-right: 0px\">\n            \n\n<div class=\"kksr-icon\" style=\"width: 24px; height: 24px;\"><\/div>\n        <\/div>\n            <div class=\"kksr-star\" style=\"padding-right: 0px\">\n            \n\n<div class=\"kksr-icon\" style=\"width: 24px; height: 24px;\"><\/div>\n        <\/div>\n            <div class=\"kksr-star\" style=\"padding-right: 0px\">\n            \n\n<div class=\"kksr-icon\" style=\"width: 24px; height: 24px;\"><\/div>\n        <\/div>\n            <div class=\"kksr-star\" style=\"padding-right: 0px\">\n            \n\n<div class=\"kksr-icon\" style=\"width: 24px; height: 24px;\"><\/div>\n        <\/div>\n    <\/div>\n<\/div>\n                \n\n<div class=\"kksr-legend\" style=\"font-size: 19.2px;\">\n            <span class=\"kksr-muted\"><\/span>\n    <\/div>\n    <\/div>\n","protected":false},"excerpt":{"rendered":"","protected":false},"author":2,"featured_media":7348,"comment_status":"closed","ping_status":"closed","sticky":false,"template":"","format":"standard","meta":{"footnotes":""},"categories":[150,155],"tags":[],"class_list":["post-7346","post","type-post","status-publish","format-standard","has-post-thumbnail","hentry","category-accidents-de-transit","category-casos-exit"],"yoast_head":"<!-- This site is optimized with the Yoast SEO plugin v27.4 - https:\/\/yoast.com\/product\/yoast-seo-wordpress\/ -->\n<title>Indemnitzaci\u00f3 per seq\u00fceles i fuetada cervical<\/title>\n<meta name=\"description\" content=\"Si has sofert un accident de tr\u00e0nsit amb fuetada cervical i l&#039;asseguradora no t&#039;indemnitza, aquest cas d&#039;\u00e8xit d&#039;Advocats Onandia Barcelona t&#039;interessa\" \/>\n<meta name=\"robots\" content=\"index, follow, max-snippet:-1, max-image-preview:large, max-video-preview:-1\" \/>\n<link rel=\"canonical\" href=\"https:\/\/onandia-abogados.com\/ca\/blog\/indemnitzacio-per-sequeles-i-fuetada-cervical\/\" \/>\n<meta property=\"og:locale\" content=\"ca_ES\" \/>\n<meta property=\"og:type\" content=\"article\" \/>\n<meta property=\"og:title\" content=\"Indemnitzaci\u00f3 per seq\u00fceles i fuetada cervical\" \/>\n<meta property=\"og:description\" content=\"Si has sofert un accident de tr\u00e0nsit amb fuetada cervical i l&#039;asseguradora no t&#039;indemnitza, aquest cas d&#039;\u00e8xit d&#039;Advocats Onandia Barcelona t&#039;interessa\" \/>\n<meta property=\"og:url\" content=\"https:\/\/onandia-abogados.com\/ca\/blog\/indemnitzacio-per-sequeles-i-fuetada-cervical\/\" \/>\n<meta property=\"og:site_name\" content=\"\u2705 Abogados especialistas en Accidentes Barcelona | Onandia\" \/>\n<meta property=\"article:published_time\" content=\"2021-03-18T14:37:28+00:00\" \/>\n<meta property=\"article:modified_time\" content=\"2024-06-28T09:00:36+00:00\" \/>\n<meta property=\"og:image\" content=\"https:\/\/onandia-abogados.com\/wp-content\/uploads\/2021\/03\/Indemnitzacio-accident-transit-amb-fuetada-cervical.jpg\" \/>\n\t<meta property=\"og:image:width\" content=\"424\" \/>\n\t<meta property=\"og:image:height\" content=\"283\" \/>\n\t<meta property=\"og:image:type\" content=\"image\/jpeg\" \/>\n<meta name=\"author\" content=\"Ram\u00f3n Onandia\" \/>\n<script type=\"application\/ld+json\" class=\"yoast-schema-graph\">{\"@context\":\"https:\\\/\\\/schema.org\",\"@graph\":[{\"@type\":\"Article\",\"@id\":\"https:\\\/\\\/onandia-abogados.com\\\/ca\\\/blog\\\/indemnitzacio-per-sequeles-i-fuetada-cervical\\\/#article\",\"isPartOf\":{\"@id\":\"https:\\\/\\\/onandia-abogados.com\\\/ca\\\/blog\\\/indemnitzacio-per-sequeles-i-fuetada-cervical\\\/\"},\"author\":{\"name\":\"Ram\u00f3n Onandia\",\"@id\":\"https:\\\/\\\/onandia-abogados.com\\\/ca\\\/#\\\/schema\\\/person\\\/39b20a8caea66caba59cefc6542aef9a\"},\"headline\":\"Indemnitzaci\u00f3 per seq\u00fceles i fuetada cervical\",\"datePublished\":\"2021-03-18T14:37:28+00:00\",\"dateModified\":\"2024-06-28T09:00:36+00:00\",\"mainEntityOfPage\":{\"@id\":\"https:\\\/\\\/onandia-abogados.com\\\/ca\\\/blog\\\/indemnitzacio-per-sequeles-i-fuetada-cervical\\\/\"},\"wordCount\":875,\"publisher\":{\"@id\":\"https:\\\/\\\/onandia-abogados.com\\\/ca\\\/#organization\"},\"image\":{\"@id\":\"https:\\\/\\\/onandia-abogados.com\\\/ca\\\/blog\\\/indemnitzacio-per-sequeles-i-fuetada-cervical\\\/#primaryimage\"},\"thumbnailUrl\":\"https:\\\/\\\/onandia-abogados.com\\\/wp-content\\\/uploads\\\/2021\\\/03\\\/Indemnitzacio-accident-transit-amb-fuetada-cervical.jpg\",\"articleSection\":[\"Accidents de Tr\u00e0nsit\",\"Casos d\u2019\u00c8xit\"],\"inLanguage\":\"ca\"},{\"@type\":\"WebPage\",\"@id\":\"https:\\\/\\\/onandia-abogados.com\\\/ca\\\/blog\\\/indemnitzacio-per-sequeles-i-fuetada-cervical\\\/\",\"url\":\"https:\\\/\\\/onandia-abogados.com\\\/ca\\\/blog\\\/indemnitzacio-per-sequeles-i-fuetada-cervical\\\/\",\"name\":\"Indemnitzaci\u00f3 per seq\u00fceles i fuetada cervical\",\"isPartOf\":{\"@id\":\"https:\\\/\\\/onandia-abogados.com\\\/ca\\\/#website\"},\"primaryImageOfPage\":{\"@id\":\"https:\\\/\\\/onandia-abogados.com\\\/ca\\\/blog\\\/indemnitzacio-per-sequeles-i-fuetada-cervical\\\/#primaryimage\"},\"image\":{\"@id\":\"https:\\\/\\\/onandia-abogados.com\\\/ca\\\/blog\\\/indemnitzacio-per-sequeles-i-fuetada-cervical\\\/#primaryimage\"},\"thumbnailUrl\":\"https:\\\/\\\/onandia-abogados.com\\\/wp-content\\\/uploads\\\/2021\\\/03\\\/Indemnitzacio-accident-transit-amb-fuetada-cervical.jpg\",\"datePublished\":\"2021-03-18T14:37:28+00:00\",\"dateModified\":\"2024-06-28T09:00:36+00:00\",\"description\":\"Si has sofert un accident de tr\u00e0nsit amb fuetada cervical i l'asseguradora no t'indemnitza, aquest cas d'\u00e8xit d'Advocats Onandia Barcelona t'interessa\",\"breadcrumb\":{\"@id\":\"https:\\\/\\\/onandia-abogados.com\\\/ca\\\/blog\\\/indemnitzacio-per-sequeles-i-fuetada-cervical\\\/#breadcrumb\"},\"inLanguage\":\"ca\",\"potentialAction\":[{\"@type\":\"ReadAction\",\"target\":[\"https:\\\/\\\/onandia-abogados.com\\\/ca\\\/blog\\\/indemnitzacio-per-sequeles-i-fuetada-cervical\\\/\"]}]},{\"@type\":\"ImageObject\",\"inLanguage\":\"ca\",\"@id\":\"https:\\\/\\\/onandia-abogados.com\\\/ca\\\/blog\\\/indemnitzacio-per-sequeles-i-fuetada-cervical\\\/#primaryimage\",\"url\":\"https:\\\/\\\/onandia-abogados.com\\\/wp-content\\\/uploads\\\/2021\\\/03\\\/Indemnitzacio-accident-transit-amb-fuetada-cervical.jpg\",\"contentUrl\":\"https:\\\/\\\/onandia-abogados.com\\\/wp-content\\\/uploads\\\/2021\\\/03\\\/Indemnitzacio-accident-transit-amb-fuetada-cervical.jpg\",\"width\":424,\"height\":283,\"caption\":\"Indemnitzaci\u00f3 accident transit amb fuetada cervical\"},{\"@type\":\"BreadcrumbList\",\"@id\":\"https:\\\/\\\/onandia-abogados.com\\\/ca\\\/blog\\\/indemnitzacio-per-sequeles-i-fuetada-cervical\\\/#breadcrumb\",\"itemListElement\":[{\"@type\":\"ListItem\",\"position\":1,\"name\":\"Portada\",\"item\":\"https:\\\/\\\/onandia-abogados.com\\\/ca\\\/\"},{\"@type\":\"ListItem\",\"position\":2,\"name\":\"Indemnitzaci\u00f3 per seq\u00fceles i fuetada cervical\"}]},{\"@type\":\"WebSite\",\"@id\":\"https:\\\/\\\/onandia-abogados.com\\\/ca\\\/#website\",\"url\":\"https:\\\/\\\/onandia-abogados.com\\\/ca\\\/\",\"name\":\"Abogados Onandia Barcelona\",\"description\":\"Advocats especialistes en accidents de tr\u00e0nsit\",\"publisher\":{\"@id\":\"https:\\\/\\\/onandia-abogados.com\\\/ca\\\/#organization\"},\"potentialAction\":[{\"@type\":\"SearchAction\",\"target\":{\"@type\":\"EntryPoint\",\"urlTemplate\":\"https:\\\/\\\/onandia-abogados.com\\\/ca\\\/?s={search_term_string}\"},\"query-input\":{\"@type\":\"PropertyValueSpecification\",\"valueRequired\":true,\"valueName\":\"search_term_string\"}}],\"inLanguage\":\"ca\"},{\"@type\":\"Organization\",\"@id\":\"https:\\\/\\\/onandia-abogados.com\\\/ca\\\/#organization\",\"name\":\"Onandia Abogados\",\"url\":\"https:\\\/\\\/onandia-abogados.com\\\/ca\\\/\",\"logo\":{\"@type\":\"ImageObject\",\"inLanguage\":\"ca\",\"@id\":\"https:\\\/\\\/onandia-abogados.com\\\/ca\\\/#\\\/schema\\\/logo\\\/image\\\/\",\"url\":\"https:\\\/\\\/onandia-abogados.com\\\/wp-content\\\/uploads\\\/2023\\\/05\\\/abogados-onandia.svg\",\"contentUrl\":\"https:\\\/\\\/onandia-abogados.com\\\/wp-content\\\/uploads\\\/2023\\\/05\\\/abogados-onandia.svg\",\"width\":751,\"height\":262,\"caption\":\"Onandia Abogados\"},\"image\":{\"@id\":\"https:\\\/\\\/onandia-abogados.com\\\/ca\\\/#\\\/schema\\\/logo\\\/image\\\/\"}},{\"@type\":\"Person\",\"@id\":\"https:\\\/\\\/onandia-abogados.com\\\/ca\\\/#\\\/schema\\\/person\\\/39b20a8caea66caba59cefc6542aef9a\",\"name\":\"Ram\u00f3n Onandia\",\"image\":{\"@type\":\"ImageObject\",\"inLanguage\":\"ca\",\"@id\":\"https:\\\/\\\/onandia-abogados.com\\\/wp-content\\\/litespeed\\\/avatar\\\/c77ad4db75b48839e4afd3cf065bf8e6.jpg?ver=1776960935\",\"url\":\"https:\\\/\\\/onandia-abogados.com\\\/wp-content\\\/litespeed\\\/avatar\\\/c77ad4db75b48839e4afd3cf065bf8e6.jpg?ver=1776960935\",\"contentUrl\":\"https:\\\/\\\/onandia-abogados.com\\\/wp-content\\\/litespeed\\\/avatar\\\/c77ad4db75b48839e4afd3cf065bf8e6.jpg?ver=1776960935\",\"caption\":\"Ram\u00f3n Onandia\"},\"description\":\"Ram\u00f3n Onandia es abogado del despacho Onandia Abogados de Barcelona, especializado en la reclamaci\u00f3n de indemnizaciones por accidente de tr\u00e1fico, accidentes laborales y negligencias m\u00e9dicas.\",\"sameAs\":[\"https:\\\/\\\/onandia-abogados.com\"],\"url\":\"https:\\\/\\\/onandia-abogados.com\\\/abogado-ramon-onandia-alsius\\\/\"}]}<\/script>\n<!-- \/ Yoast SEO plugin. -->","yoast_head_json":{"title":"Indemnitzaci\u00f3 per seq\u00fceles i fuetada cervical","description":"Si has sofert un accident de tr\u00e0nsit amb fuetada cervical i l'asseguradora no t'indemnitza, aquest cas d'\u00e8xit d'Advocats Onandia Barcelona t'interessa","robots":{"index":"index","follow":"follow","max-snippet":"max-snippet:-1","max-image-preview":"max-image-preview:large","max-video-preview":"max-video-preview:-1"},"canonical":"https:\/\/onandia-abogados.com\/ca\/blog\/indemnitzacio-per-sequeles-i-fuetada-cervical\/","og_locale":"ca_ES","og_type":"article","og_title":"Indemnitzaci\u00f3 per seq\u00fceles i fuetada cervical","og_description":"Si has sofert un accident de tr\u00e0nsit amb fuetada cervical i l'asseguradora no t'indemnitza, aquest cas d'\u00e8xit d'Advocats Onandia Barcelona t'interessa","og_url":"https:\/\/onandia-abogados.com\/ca\/blog\/indemnitzacio-per-sequeles-i-fuetada-cervical\/","og_site_name":"\u2705 Abogados especialistas en Accidentes Barcelona | Onandia","article_published_time":"2021-03-18T14:37:28+00:00","article_modified_time":"2024-06-28T09:00:36+00:00","og_image":[{"width":424,"height":283,"url":"https:\/\/onandia-abogados.com\/wp-content\/uploads\/2021\/03\/Indemnitzacio-accident-transit-amb-fuetada-cervical.jpg","type":"image\/jpeg"}],"author":"Ram\u00f3n Onandia","schema":{"@context":"https:\/\/schema.org","@graph":[{"@type":"Article","@id":"https:\/\/onandia-abogados.com\/ca\/blog\/indemnitzacio-per-sequeles-i-fuetada-cervical\/#article","isPartOf":{"@id":"https:\/\/onandia-abogados.com\/ca\/blog\/indemnitzacio-per-sequeles-i-fuetada-cervical\/"},"author":{"name":"Ram\u00f3n Onandia","@id":"https:\/\/onandia-abogados.com\/ca\/#\/schema\/person\/39b20a8caea66caba59cefc6542aef9a"},"headline":"Indemnitzaci\u00f3 per seq\u00fceles i fuetada cervical","datePublished":"2021-03-18T14:37:28+00:00","dateModified":"2024-06-28T09:00:36+00:00","mainEntityOfPage":{"@id":"https:\/\/onandia-abogados.com\/ca\/blog\/indemnitzacio-per-sequeles-i-fuetada-cervical\/"},"wordCount":875,"publisher":{"@id":"https:\/\/onandia-abogados.com\/ca\/#organization"},"image":{"@id":"https:\/\/onandia-abogados.com\/ca\/blog\/indemnitzacio-per-sequeles-i-fuetada-cervical\/#primaryimage"},"thumbnailUrl":"https:\/\/onandia-abogados.com\/wp-content\/uploads\/2021\/03\/Indemnitzacio-accident-transit-amb-fuetada-cervical.jpg","articleSection":["Accidents de Tr\u00e0nsit","Casos d\u2019\u00c8xit"],"inLanguage":"ca"},{"@type":"WebPage","@id":"https:\/\/onandia-abogados.com\/ca\/blog\/indemnitzacio-per-sequeles-i-fuetada-cervical\/","url":"https:\/\/onandia-abogados.com\/ca\/blog\/indemnitzacio-per-sequeles-i-fuetada-cervical\/","name":"Indemnitzaci\u00f3 per seq\u00fceles i fuetada cervical","isPartOf":{"@id":"https:\/\/onandia-abogados.com\/ca\/#website"},"primaryImageOfPage":{"@id":"https:\/\/onandia-abogados.com\/ca\/blog\/indemnitzacio-per-sequeles-i-fuetada-cervical\/#primaryimage"},"image":{"@id":"https:\/\/onandia-abogados.com\/ca\/blog\/indemnitzacio-per-sequeles-i-fuetada-cervical\/#primaryimage"},"thumbnailUrl":"https:\/\/onandia-abogados.com\/wp-content\/uploads\/2021\/03\/Indemnitzacio-accident-transit-amb-fuetada-cervical.jpg","datePublished":"2021-03-18T14:37:28+00:00","dateModified":"2024-06-28T09:00:36+00:00","description":"Si has sofert un accident de tr\u00e0nsit amb fuetada cervical i l'asseguradora no t'indemnitza, aquest cas d'\u00e8xit d'Advocats Onandia Barcelona t'interessa","breadcrumb":{"@id":"https:\/\/onandia-abogados.com\/ca\/blog\/indemnitzacio-per-sequeles-i-fuetada-cervical\/#breadcrumb"},"inLanguage":"ca","potentialAction":[{"@type":"ReadAction","target":["https:\/\/onandia-abogados.com\/ca\/blog\/indemnitzacio-per-sequeles-i-fuetada-cervical\/"]}]},{"@type":"ImageObject","inLanguage":"ca","@id":"https:\/\/onandia-abogados.com\/ca\/blog\/indemnitzacio-per-sequeles-i-fuetada-cervical\/#primaryimage","url":"https:\/\/onandia-abogados.com\/wp-content\/uploads\/2021\/03\/Indemnitzacio-accident-transit-amb-fuetada-cervical.jpg","contentUrl":"https:\/\/onandia-abogados.com\/wp-content\/uploads\/2021\/03\/Indemnitzacio-accident-transit-amb-fuetada-cervical.jpg","width":424,"height":283,"caption":"Indemnitzaci\u00f3 accident transit amb fuetada cervical"},{"@type":"BreadcrumbList","@id":"https:\/\/onandia-abogados.com\/ca\/blog\/indemnitzacio-per-sequeles-i-fuetada-cervical\/#breadcrumb","itemListElement":[{"@type":"ListItem","position":1,"name":"Portada","item":"https:\/\/onandia-abogados.com\/ca\/"},{"@type":"ListItem","position":2,"name":"Indemnitzaci\u00f3 per seq\u00fceles i fuetada cervical"}]},{"@type":"WebSite","@id":"https:\/\/onandia-abogados.com\/ca\/#website","url":"https:\/\/onandia-abogados.com\/ca\/","name":"Abogados Onandia Barcelona","description":"Advocats especialistes en accidents de tr\u00e0nsit","publisher":{"@id":"https:\/\/onandia-abogados.com\/ca\/#organization"},"potentialAction":[{"@type":"SearchAction","target":{"@type":"EntryPoint","urlTemplate":"https:\/\/onandia-abogados.com\/ca\/?s={search_term_string}"},"query-input":{"@type":"PropertyValueSpecification","valueRequired":true,"valueName":"search_term_string"}}],"inLanguage":"ca"},{"@type":"Organization","@id":"https:\/\/onandia-abogados.com\/ca\/#organization","name":"Onandia Abogados","url":"https:\/\/onandia-abogados.com\/ca\/","logo":{"@type":"ImageObject","inLanguage":"ca","@id":"https:\/\/onandia-abogados.com\/ca\/#\/schema\/logo\/image\/","url":"https:\/\/onandia-abogados.com\/wp-content\/uploads\/2023\/05\/abogados-onandia.svg","contentUrl":"https:\/\/onandia-abogados.com\/wp-content\/uploads\/2023\/05\/abogados-onandia.svg","width":751,"height":262,"caption":"Onandia Abogados"},"image":{"@id":"https:\/\/onandia-abogados.com\/ca\/#\/schema\/logo\/image\/"}},{"@type":"Person","@id":"https:\/\/onandia-abogados.com\/ca\/#\/schema\/person\/39b20a8caea66caba59cefc6542aef9a","name":"Ram\u00f3n Onandia","image":{"@type":"ImageObject","inLanguage":"ca","@id":"https:\/\/onandia-abogados.com\/wp-content\/litespeed\/avatar\/c77ad4db75b48839e4afd3cf065bf8e6.jpg?ver=1776960935","url":"https:\/\/onandia-abogados.com\/wp-content\/litespeed\/avatar\/c77ad4db75b48839e4afd3cf065bf8e6.jpg?ver=1776960935","contentUrl":"https:\/\/onandia-abogados.com\/wp-content\/litespeed\/avatar\/c77ad4db75b48839e4afd3cf065bf8e6.jpg?ver=1776960935","caption":"Ram\u00f3n Onandia"},"description":"Ram\u00f3n Onandia es abogado del despacho Onandia Abogados de Barcelona, especializado en la reclamaci\u00f3n de indemnizaciones por accidente de tr\u00e1fico, accidentes laborales y negligencias m\u00e9dicas.","sameAs":["https:\/\/onandia-abogados.com"],"url":"https:\/\/onandia-abogados.com\/abogado-ramon-onandia-alsius\/"}]}},"_links":{"self":[{"href":"https:\/\/onandia-abogados.com\/ca\/wp-json\/wp\/v2\/posts\/7346","targetHints":{"allow":["GET"]}}],"collection":[{"href":"https:\/\/onandia-abogados.com\/ca\/wp-json\/wp\/v2\/posts"}],"about":[{"href":"https:\/\/onandia-abogados.com\/ca\/wp-json\/wp\/v2\/types\/post"}],"author":[{"embeddable":true,"href":"https:\/\/onandia-abogados.com\/ca\/wp-json\/wp\/v2\/users\/2"}],"replies":[{"embeddable":true,"href":"https:\/\/onandia-abogados.com\/ca\/wp-json\/wp\/v2\/comments?post=7346"}],"version-history":[{"count":0,"href":"https:\/\/onandia-abogados.com\/ca\/wp-json\/wp\/v2\/posts\/7346\/revisions"}],"wp:featuredmedia":[{"embeddable":true,"href":"https:\/\/onandia-abogados.com\/ca\/wp-json\/wp\/v2\/media\/7348"}],"wp:attachment":[{"href":"https:\/\/onandia-abogados.com\/ca\/wp-json\/wp\/v2\/media?parent=7346"}],"wp:term":[{"taxonomy":"category","embeddable":true,"href":"https:\/\/onandia-abogados.com\/ca\/wp-json\/wp\/v2\/categories?post=7346"},{"taxonomy":"post_tag","embeddable":true,"href":"https:\/\/onandia-abogados.com\/ca\/wp-json\/wp\/v2\/tags?post=7346"}],"curies":[{"name":"wp","href":"https:\/\/api.w.org\/{rel}","templated":true}]}}