{"id":7395,"date":"2020-08-05T09:36:09","date_gmt":"2020-08-05T09:36:09","guid":{"rendered":"https:\/\/onandia-abogados.com\/blog\/caja-negra-del-coche-prueba-pericial-en-delito-exceso-velocidad\/"},"modified":"2024-06-28T09:05:18","modified_gmt":"2024-06-28T09:05:18","slug":"caja-negra-del-coche-prueba-pericial-en-delito-exceso-velocidad","status":"publish","type":"post","link":"https:\/\/onandia-abogados.com\/ca\/blog\/caja-negra-del-coche-prueba-pericial-en-delito-exceso-velocidad\/","title":{"rendered":"La caixa negra del cotxe com a prova pericial en un delicte d&#8217;exc\u00e9s de velocitat"},"content":{"rendered":"<p><div class=\"fusion-fullwidth fullwidth-box fusion-builder-row-1 fusion-flex-container nonhundred-percent-fullwidth non-hundred-percent-height-scrolling\" style=\"--awb-border-radius-top-left:0px;--awb-border-radius-top-right:0px;--awb-border-radius-bottom-right:0px;--awb-border-radius-bottom-left:0px;--awb-flex-wrap:wrap;\" ><div class=\"fusion-builder-row fusion-row fusion-flex-align-items-flex-start fusion-flex-content-wrap\" style=\"max-width:1352px;margin-left: calc(-4% \/ 2 );margin-right: calc(-4% \/ 2 );\"><div class=\"fusion-layout-column fusion_builder_column fusion-builder-column-0 fusion_builder_column_1_1 1_1 fusion-flex-column\" style=\"--awb-bg-size:cover;--awb-width-large:100%;--awb-margin-top-large:0px;--awb-spacing-right-large:1.92%;--awb-margin-bottom-large:0px;--awb-spacing-left-large:1.92%;--awb-width-medium:100%;--awb-spacing-right-medium:1.92%;--awb-spacing-left-medium:1.92%;--awb-width-small:100%;--awb-spacing-right-small:1.92%;--awb-spacing-left-small:1.92%;\"><div class=\"fusion-column-wrapper fusion-flex-justify-content-flex-start fusion-content-layout-column\"><div class=\"fusion-text fusion-text-1\"><p>Un nou cas d&#8217;\u00e8xit del despatx\u00a0Onandia\u00a0Advocats \u00e9s la pionera sent\u00e8ncia que, a partir de les dades extretes de la\u00a0<strong>caixa negra\u00a0del cotxe<\/strong>, condemna a un conductor per circular a velocitat excessiva i causar un accident.La normativa europea obligar\u00e0 al fet que tots els vehicles portin caixes negres i puguin extreure&#8217;s les seves dades en casos d&#8217;accidents greus per a determinar responsabilitats. <!--more-->La sent\u00e8ncia dictada pel Jutjat Penal n\u00famero 27 de Barcelona condemna al conductor per un <strong>delicte d&#8217;exc\u00e9s de velocitat<\/strong> i a l&#8217;asseguradora del conductor a pagar indemnitzacions als lesionats per import total de 396.652,96 \u20ac m\u00e9s interessos i costes.<\/p>\n<h2>Les\u00a0caixes negres\u00a0seran obligat\u00f2ries en els\u00a0cotxes\u00a0en 2022<\/h2>\n<p>Les\u00a0caixes negres\u00a0seran obligat\u00f2ries en els\u00a0cotxes\u00a0en 2022 i seran de gran ajuda per a esclarir les causes dels accidents de tr\u00e0nsit. Amb la caixa negra pot fer-se una reconstrucci\u00f3 del sinistre des d&#8217;abans de la col\u00b7lisi\u00f3 fins al moment posterior al desplegament del coix\u00ed de seguretat. Anomenades\u00a0Event\u00a0Data\u00a0Recorder\u00a0(EDR), emmagatzemen dades com a velocitat, acceleraci\u00f3 i desacceleraci\u00f3, \u00fas del cintur\u00f3 i ubicaci\u00f3.<\/p>\n<\/div><\/div><\/div><\/div><\/div><div class=\"fusion-fullwidth fullwidth-box fusion-builder-row-2 fusion-flex-container nonhundred-percent-fullwidth non-hundred-percent-height-scrolling\" style=\"--awb-border-radius-top-left:0px;--awb-border-radius-top-right:0px;--awb-border-radius-bottom-right:0px;--awb-border-radius-bottom-left:0px;--awb-flex-wrap:wrap;\" ><div class=\"fusion-builder-row fusion-row fusion-flex-align-items-flex-start fusion-flex-content-wrap\" style=\"max-width:1352px;margin-left: calc(-4% \/ 2 );margin-right: calc(-4% \/ 2 );\"><div class=\"fusion-layout-column fusion_builder_column fusion-builder-column-1 fusion_builder_column_1_1 1_1 fusion-flex-column\" style=\"--awb-bg-size:cover;--awb-width-large:100%;--awb-margin-top-large:0px;--awb-spacing-right-large:1.92%;--awb-margin-bottom-large:20px;--awb-spacing-left-large:1.92%;--awb-width-medium:100%;--awb-spacing-right-medium:1.92%;--awb-spacing-left-medium:1.92%;--awb-width-small:100%;--awb-spacing-right-small:1.92%;--awb-spacing-left-small:1.92%;\"><div class=\"fusion-column-wrapper fusion-flex-justify-content-flex-start fusion-content-layout-column\"><div style=\"text-align:center;\"><a class=\"fusion-button button-flat button-xlarge button-default fusion-button-default button-1 fusion-button-default-span fusion-button-default-type boton-negrita\" target=\"_self\" href=\"tel: 934 88 11 25 \"><span class=\"fusion-button-text awb-button__text awb-button__text--default\">Has tingut un accident? T\u2019informem GRATIS: 934 88 11 25<\/span><i class=\"fa-chevron-right fas awb-button__icon awb-button__icon--default button-icon-right\" aria-hidden=\"true\"><\/i><\/a><\/div><div class=\"fusion-text fusion-text-2\"><h2 class=\"fusion-responsive-typography-calculated\" data-fontsize=\"35\" data-lineheight=\"42.349998px\"><span id=\"L8217exces_de_velocitat_pot_suposar_un_delicte\">L\u2019exc\u00e9s de velocitat pot suposar un delicte<\/span><\/h2>\n<p>Segons el\u00a0Codi Penal l\u2019<strong>exc\u00e9s de velocitat pot suposar un delicte contra la\u00a0seguretat vi\u00e0ria<\/strong> quan se superen unes certes velocitats. Per seguretat, els conductors han de respectar els l\u00edmits de velocitat indicats. En cas d\u2019incomplir-los ens trobem amb infraccions greus o molt greus sancionades amb la p\u00e8rdua de 2 a 6 punts del carnet i entre 100 i 600 \u20ac. En ciutat l\u2019<strong>exc\u00e9s de velocitat \u00e9s delicte<\/strong> quan se supera la velocitat establerta en 60 km\/h, mentre que en autopistes i autovies quan se supera en 80 km\/h. Tots dos delictes es castiguen amb penes de pres\u00f3 de 3 a 6 mesos o treballs socials de 31 a 90 dies,\u00a0m\u00e9s la retirada del perm\u00eds de conduir d\u20191 fins a 4 anys.<\/p>\n<p>Amb aquesta sent\u00e8ncia un jutge avala per primera vegada l\u2019\u00fas de la caixa negra del cotxe per a condemnar a un conductor.<\/p>\n<p>Consulta aqu\u00ed la\u00a0<a href=\"https:\/\/onandia-abogados.com\/wp-content\/uploads\/2024\/06\/pionera-sentencia-condemna-conductor-per-velocitat-excessiva-i-causar-un-accident-2.pdf\" target=\"_blank\" rel=\"nofollow noopener\"><u>Sent\u00e8ncia<\/u><\/a><\/p>\n<p>Des de\u00a0Onandia\u00a0Advocats us demanem molta cura en la carretera, al volant, molta calma, el teu dest\u00ed no t\u00e9 pressa!<\/p>\n<div class=\"row\"><\/div>\n<\/div><\/div><\/div><\/div><\/div><div class=\"fusion-fullwidth fullwidth-box fusion-builder-row-3 fusion-flex-container has-pattern-background has-mask-background nonhundred-percent-fullwidth non-hundred-percent-height-scrolling\" style=\"--awb-border-radius-top-left:0px;--awb-border-radius-top-right:0px;--awb-border-radius-bottom-right:0px;--awb-border-radius-bottom-left:0px;--awb-padding-top:30px;--awb-margin-top:30px;--awb-flex-wrap:wrap;\" ><div class=\"fusion-builder-row fusion-row fusion-flex-align-items-flex-start fusion-flex-content-wrap\" style=\"max-width:1352px;margin-left: calc(-4% \/ 2 );margin-right: calc(-4% \/ 2 );\"><div class=\"fusion-layout-column fusion_builder_column fusion-builder-column-2 fusion_builder_column_1_5 1_5 fusion-flex-column\" style=\"--awb-bg-size:cover;--awb-width-large:20%;--awb-margin-top-large:0px;--awb-spacing-right-large:9.6%;--awb-margin-bottom-large:20px;--awb-spacing-left-large:9.6%;--awb-width-medium:100%;--awb-order-medium:0;--awb-spacing-right-medium:1.92%;--awb-spacing-left-medium:1.92%;--awb-width-small:100%;--awb-order-small:0;--awb-spacing-right-small:1.92%;--awb-spacing-left-small:1.92%;\"><div class=\"fusion-column-wrapper fusion-column-has-shadow fusion-flex-justify-content-flex-start fusion-content-layout-column\"><div class=\"fusion-image-element \" style=\"--awb-caption-title-font-family:var(--h2_typography-font-family);--awb-caption-title-font-weight:var(--h2_typography-font-weight);--awb-caption-title-font-style:var(--h2_typography-font-style);--awb-caption-title-size:var(--h2_typography-font-size);--awb-caption-title-transform:var(--h2_typography-text-transform);--awb-caption-title-line-height:var(--h2_typography-line-height);--awb-caption-title-letter-spacing:var(--h2_typography-letter-spacing);\"><span class=\" fusion-imageframe imageframe-none imageframe-1 hover-type-none\"><img decoding=\"async\" width=\"600\" height=\"600\" title=\"CTA-solo-cobramos-si-tu-cobras\" src=\"https:\/\/onandia-abogados.com\/wp-content\/uploads\/2025\/12\/CTA-solo-cobramos-si-tu-cobras.png\" data-orig-src=\"https:\/\/onandia-abogados.com\/wp-content\/uploads\/2025\/12\/CTA-solo-cobramos-si-tu-cobras.png\" alt class=\"lazyload img-responsive wp-image-109694\" srcset=\"data:image\/svg+xml,%3Csvg%20xmlns%3D%27http%3A%2F%2Fwww.w3.org%2F2000%2Fsvg%27%20width%3D%27600%27%20height%3D%27600%27%20viewBox%3D%270%200%20600%20600%27%3E%3Crect%20width%3D%27600%27%20height%3D%27600%27%20fill-opacity%3D%220%22%2F%3E%3C%2Fsvg%3E\" data-srcset=\"https:\/\/onandia-abogados.com\/wp-content\/uploads\/2025\/12\/CTA-solo-cobramos-si-tu-cobras-200x200.png 200w, https:\/\/onandia-abogados.com\/wp-content\/uploads\/2025\/12\/CTA-solo-cobramos-si-tu-cobras-400x400.png 400w, https:\/\/onandia-abogados.com\/wp-content\/uploads\/2025\/12\/CTA-solo-cobramos-si-tu-cobras.png 600w\" data-sizes=\"auto\" data-orig-sizes=\"(max-width: 1024px) 100vw, (max-width: 640px) 100vw, 400px\" \/><\/span><\/div><\/div><\/div><div class=\"fusion-layout-column fusion_builder_column fusion-builder-column-3 fusion_builder_column_3_5 3_5 fusion-flex-column\" style=\"--awb-overflow:hidden;--awb-bg-color:#00a7d8;--awb-bg-color-hover:#00a7d8;--awb-bg-size:cover;--awb-border-radius:5px 5px 5px 5px;--awb-width-large:60%;--awb-margin-top-large:0px;--awb-spacing-right-large:3.2%;--awb-margin-bottom-large:20px;--awb-spacing-left-large:3.2%;--awb-width-medium:100%;--awb-order-medium:0;--awb-spacing-right-medium:1.92%;--awb-spacing-left-medium:1.92%;--awb-width-small:100%;--awb-order-small:0;--awb-spacing-right-small:1.92%;--awb-spacing-left-small:1.92%;\" data-scroll-devices=\"small-visibility,medium-visibility,large-visibility\"><div class=\"fusion-column-wrapper fusion-column-has-shadow fusion-flex-justify-content-flex-start fusion-content-layout-column\"><div class=\"fusion-text fusion-text-3\"><div class=\"row\" style=\"width: 100%; margin-left: 1px; background-color: #00a7d8; text-align: center; padding-top: 20px; padding-bottom: 20px; border-radius: 5px;\">\n<div class=\"col-md-12\"><span style=\"font-weight: bold; font-size: 28px; color: white; margin-top: 20px; padding-top: 20px;\">Empieza tu reclamaci\u00f3n de indemnizaci\u00f3n por accidente AHORA<\/span><\/div>\n<div class=\"col-md-12\">\n<div class=\"row\">\n<div class=\"col-md-5 col-xs-5\" style=\"text-align: right;\"><img decoding=\"async\" class=\"lazyload alignnone wp-image-5779\" src=\"data:image\/svg+xml,%3Csvg%20xmlns%3D%27http%3A%2F%2Fwww.w3.org%2F2000%2Fsvg%27%20width%3D%2765%27%20height%3D%2750%27%20viewBox%3D%270%200%2065%2050%27%3E%3Crect%20width%3D%2765%27%20height%3D%2750%27%20fill-opacity%3D%220%22%2F%3E%3C%2Fsvg%3E\" data-orig-src=\"https:\/\/onandia-abogados.com\/wp-content\/uploads\/2023\/02\/picto-consulta-rapida.png\" alt=\"Consulta r\u00e1pida\" width=\"65\" height=\"50\" \/><\/div>\n<div class=\"col-md-7 col-xs-7\" style=\"text-align: left; margin-bottom: 20px;\"><span style=\"font-weight: bold; font-size: 26px; color: white; margin-top: 20px; padding-top: 20px;\">Respuesta r\u00e1pida en 24h<\/span><\/div>\n<\/div>\n<\/div>\n<\/div>\n<\/div>\n<div class=\"wpcf7 no-js\" id=\"wpcf7-f3830-o1\" lang=\"es-ES\" dir=\"ltr\" data-wpcf7-id=\"3830\">\n<div class=\"screen-reader-response\"><p role=\"status\" aria-live=\"polite\" aria-atomic=\"true\"><\/p> <ul><\/ul><\/div>\n<form action=\"\/ca\/wp-json\/wp\/v2\/posts\/7395#wpcf7-f3830-o1\" method=\"post\" class=\"wpcf7-form init\" aria-label=\"Formulario de contacto\" novalidate=\"novalidate\" data-status=\"init\">\n<fieldset class=\"hidden-fields-container\"><input type=\"hidden\" name=\"_wpcf7\" value=\"3830\" \/><input type=\"hidden\" name=\"_wpcf7_version\" value=\"6.1.5\" \/><input type=\"hidden\" name=\"_wpcf7_locale\" value=\"es_ES\" \/><input type=\"hidden\" name=\"_wpcf7_unit_tag\" value=\"wpcf7-f3830-o1\" \/><input type=\"hidden\" name=\"_wpcf7_container_post\" value=\"0\" \/><input type=\"hidden\" name=\"_wpcf7_posted_data_hash\" value=\"\" \/><input type=\"hidden\" name=\"_wpcf7_recaptcha_response\" value=\"\" \/>\n<\/fieldset>\n<div class=\"col-md-12\">\n\t<p><span class=\"wpcf7-form-control-wrap\" data-name=\"your-name\"><input size=\"40\" maxlength=\"400\" class=\"wpcf7-form-control wpcf7-text wpcf7-validates-as-required\" aria-required=\"true\" aria-invalid=\"false\" placeholder=\"Nombre y apellidos (obligatorio)\" value=\"\" type=\"text\" name=\"your-name\" \/><\/span>\n\t<\/p>\n<\/div>\n<div class=\"col-md-12\">\n\t<p><span class=\"wpcf7-form-control-wrap\" data-name=\"telefono\"><input size=\"40\" maxlength=\"400\" class=\"wpcf7-form-control wpcf7-tel wpcf7-validates-as-required wpcf7-text wpcf7-validates-as-tel\" aria-required=\"true\" aria-invalid=\"false\" placeholder=\"Tel\u00e9fono (obligatorio)\" value=\"\" type=\"tel\" name=\"telefono\" \/><\/span>\n\t<\/p>\n<\/div>\n<div class=\"col-md-12\">\n\t<p><span class=\"wpcf7-form-control-wrap\" data-name=\"your-email\"><input size=\"40\" maxlength=\"400\" class=\"wpcf7-form-control wpcf7-email wpcf7-validates-as-required wpcf7-text wpcf7-validates-as-email\" aria-required=\"true\" aria-invalid=\"false\" placeholder=\"E-mail (obligatorio)\" value=\"\" type=\"email\" name=\"your-email\" \/><\/span>\n\t<\/p>\n<\/div>\n<div class=\"col-md-12\">\n\t<p><span class=\"wpcf7-form-control-wrap\" data-name=\"consultas\"><textarea cols=\"40\" rows=\"10\" maxlength=\"2000\" class=\"wpcf7-form-control wpcf7-textarea\" aria-invalid=\"false\" placeholder=\"\u00bfCu\u00e1l es tu consulta?\" name=\"consultas\"><\/textarea><\/span>\n\t<\/p>\n<\/div>\n<div class=\"col-md-12 politicas\">\n\t<p><span class=\"wpcf7-form-control-wrap\" data-name=\"politicas\"><span class=\"wpcf7-form-control wpcf7-acceptance\"><span class=\"wpcf7-list-item\"><input type=\"checkbox\" name=\"politicas\" value=\"1\" aria-invalid=\"false\" \/><\/span><\/span><\/span> He le\u00eddo y acepto la <a href=\"\/politica-de-privacidad\/\" target=\"_blank\" style=\"color:#FFF;\">pol\u00edtica de privacidad<\/a>\n\t<\/p>\n<\/div>\n<div class=\"col-md-12\" style=\"margin:auto auto; text-align:left;margin-bottom:5px;\">\n\t<div class=\"col-md-12\" style=\"height: 60px; overflow: scroll; overflow-x:hidden; font-size: 0.6em; line-height: 110%; color: white; background-color:#00A7D8;border:1px solid white; text-align:justify;\">\n\t\t<p>En cumplimiento de lo establecido en la normativa vigente de Protecci\u00f3n de Datos de Car\u00e1cter Personal, le comunicamos que los datos recogidos en el presente formulario quedar\u00e1n incorporados y ser\u00e1n tratados en el fichero denominado Usuarios Web bajo la responsabilidad de RAM\u00d3N ONANDIA ALSIUS con el fin de poder prestar sus servicios, as\u00ed como para mantenerme informado sobre cuestiones relativas a la actividad de la empresa.<br \/>\nLe informamos que los datos que nos facilite ser\u00e1n tratados de forma leal, transparente, adecuada, pertinente, limitada, exacta y actualizada y no se comunicar\u00e1n o ceder\u00e1n a terceros, exceptuando que esta comunicaci\u00f3n sea necesaria o pueda suponer una mejora para la finalidad de los mismos, siempre acorde a la normativa vigente en materia de protecci\u00f3n de datos, Reglamento General de Protecci\u00f3n de Datos.<br \/>\nEn el supuesto de que se produzcan cambios en alguno de los datos facilitados, con la finalidad de mantener nuestro fichero actualizado, le rogamos nos lo comunique por escrito.<br \/>\nLe informamos de la posibilidad que tiene de ejercer los derechos de acceso, rectificaci\u00f3n, supresi\u00f3n, oposici\u00f3n, limitaci\u00f3n del tratamiento y portabilidad de sus datos de car\u00e1cter personal de forma presencial en las oficinas de RAM\u00d3N ONANDIA ALSIUS, acompa\u00f1ando copia de DNI, o bien mediante correo postal a RAMBLA CATALUNYA 87. 2\u00ba D de BARCELONA, 08008 BARCELONA, o correo electr\u00f3nico ROA@ONANDIA.COM.\n\t\t<\/p>\n\t<\/div>\n<\/div>\n<div class=\"col-md-12\" style=\"text-align:center;\">\n\n<\/div>\n<div class=\"col-md-12\" style=\"text-align:center;\">\n\t<p><input class=\"wpcf7-form-control wpcf7-submit has-spinner btn-enviar-form\" type=\"submit\" value=\"ENVIAR\" \/>\n\t<\/p>\n<\/div><div class=\"fusion-alert alert custom alert-custom fusion-alert-center wpcf7-response-output awb-alert-native-link-color alert-dismissable awb-alert-close-boxed\" style=\"--awb-border-size:1px;--awb-border-top-left-radius:0px;--awb-border-top-right-radius:0px;--awb-border-bottom-left-radius:0px;--awb-border-bottom-right-radius:0px;\" role=\"alert\"><div class=\"fusion-alert-content-wrapper\"><span class=\"fusion-alert-content\"><\/span><\/div><button type=\"button\" class=\"close toggle-alert\" data-dismiss=\"alert\" aria-label=\"Close\">&times;<\/button><\/div>\n<\/form>\n<\/div>\n<\/div><\/div><div class=\"fusion-layout-column fusion_builder_column fusion-builder-column-4 fusion_builder_column_1_5 1_5 fusion-flex-column\" style=\"--awb-bg-size:cover;--awb-width-large:20%;--awb-margin-top-large:0px;--awb-spacing-right-large:9.6%;--awb-margin-bottom-large:20px;--awb-spacing-left-large:9.6%;--awb-width-medium:100%;--awb-order-medium:0;--awb-spacing-right-medium:1.92%;--awb-spacing-left-medium:1.92%;--awb-width-small:100%;--awb-order-small:0;--awb-spacing-right-small:1.92%;--awb-spacing-left-small:1.92%;\"><div class=\"fusion-column-wrapper fusion-column-has-shadow fusion-flex-justify-content-flex-start fusion-content-layout-column\"><\/div><\/div><\/div><\/div>\n<\/p>\n\n\n<div class=\"kk-star-ratings kksr-auto kksr-align-left kksr-valign-bottom\"\n    data-payload='{&quot;align&quot;:&quot;left&quot;,&quot;id&quot;:&quot;7395&quot;,&quot;slug&quot;:&quot;default&quot;,&quot;valign&quot;:&quot;bottom&quot;,&quot;ignore&quot;:&quot;&quot;,&quot;reference&quot;:&quot;auto&quot;,&quot;class&quot;:&quot;&quot;,&quot;count&quot;:&quot;1&quot;,&quot;legendonly&quot;:&quot;&quot;,&quot;readonly&quot;:&quot;&quot;,&quot;score&quot;:&quot;5&quot;,&quot;starsonly&quot;:&quot;&quot;,&quot;best&quot;:&quot;5&quot;,&quot;gap&quot;:&quot;0&quot;,&quot;greet&quot;:&quot;&quot;,&quot;legend&quot;:&quot;5\\\/5 - (1 vote)&quot;,&quot;size&quot;:&quot;24&quot;,&quot;title&quot;:&quot;La caixa negra del cotxe com a prova pericial en un delicte d\\u0026#039;exc\u00e9s de velocitat&quot;,&quot;width&quot;:&quot;120&quot;,&quot;_legend&quot;:&quot;{score}\\\/{best} - ({count} {votes})&quot;,&quot;font_factor&quot;:&quot;1.25&quot;}'>\n            \n<div class=\"kksr-stars\">\n    \n<div class=\"kksr-stars-inactive\">\n            <div class=\"kksr-star\" data-star=\"1\" style=\"padding-right: 0px\">\n            \n\n<div class=\"kksr-icon\" style=\"width: 24px; height: 24px;\"><\/div>\n        <\/div>\n            <div class=\"kksr-star\" data-star=\"2\" style=\"padding-right: 0px\">\n            \n\n<div class=\"kksr-icon\" style=\"width: 24px; height: 24px;\"><\/div>\n        <\/div>\n            <div class=\"kksr-star\" data-star=\"3\" style=\"padding-right: 0px\">\n            \n\n<div class=\"kksr-icon\" style=\"width: 24px; height: 24px;\"><\/div>\n        <\/div>\n            <div class=\"kksr-star\" data-star=\"4\" style=\"padding-right: 0px\">\n            \n\n<div class=\"kksr-icon\" style=\"width: 24px; height: 24px;\"><\/div>\n        <\/div>\n            <div class=\"kksr-star\" data-star=\"5\" style=\"padding-right: 0px\">\n            \n\n<div class=\"kksr-icon\" style=\"width: 24px; height: 24px;\"><\/div>\n        <\/div>\n    <\/div>\n    \n<div class=\"kksr-stars-active\" style=\"width: 120px;\">\n            <div class=\"kksr-star\" style=\"padding-right: 0px\">\n            \n\n<div class=\"kksr-icon\" style=\"width: 24px; height: 24px;\"><\/div>\n        <\/div>\n            <div class=\"kksr-star\" style=\"padding-right: 0px\">\n            \n\n<div class=\"kksr-icon\" style=\"width: 24px; height: 24px;\"><\/div>\n        <\/div>\n            <div class=\"kksr-star\" style=\"padding-right: 0px\">\n            \n\n<div class=\"kksr-icon\" style=\"width: 24px; height: 24px;\"><\/div>\n        <\/div>\n            <div class=\"kksr-star\" style=\"padding-right: 0px\">\n            \n\n<div class=\"kksr-icon\" style=\"width: 24px; height: 24px;\"><\/div>\n        <\/div>\n            <div class=\"kksr-star\" style=\"padding-right: 0px\">\n            \n\n<div class=\"kksr-icon\" style=\"width: 24px; height: 24px;\"><\/div>\n        <\/div>\n    <\/div>\n<\/div>\n                \n\n<div class=\"kksr-legend\" style=\"font-size: 19.2px;\">\n            5\/5 - (1 vote)    <\/div>\n    <\/div>\n","protected":false},"excerpt":{"rendered":"<p>Un nou cas d&#8217;\u00e8xit del despatx\u00a0Onandia\u00a0Advocats \u00e9s la pionera sent\u00e8ncia que, a partir de les dades extretes de la\u00a0caixa negra\u00a0del cotxe, condemna a un conductor per circular a velocitat excessiva i causar un accident.La normativa  [&#8230;]<\/p>\n","protected":false},"author":2,"featured_media":7398,"comment_status":"closed","ping_status":"closed","sticky":false,"template":"","format":"standard","meta":{"footnotes":""},"categories":[150,155,153],"tags":[],"class_list":["post-7395","post","type-post","status-publish","format-standard","has-post-thumbnail","hentry","category-accidents-de-transit","category-casos-exit","category-sentencies-accidents"],"yoast_head":"<!-- This site is optimized with the Yoast SEO plugin v27.4 - https:\/\/yoast.com\/product\/yoast-seo-wordpress\/ -->\n<title>Delicte per exc\u00e9s de velocitat | Caixa negra del cotxe<\/title>\n<meta name=\"description\" content=\"Pionera sent\u00e8ncia que condemna a un conductor per circular a velocitat excessiva i causar un accident a partir de les dades extretes de la caixa negra del cotxe\" \/>\n<meta name=\"robots\" content=\"index, follow, max-snippet:-1, max-image-preview:large, max-video-preview:-1\" \/>\n<link rel=\"canonical\" href=\"https:\/\/onandia-abogados.com\/ca\/blog\/caja-negra-del-coche-prueba-pericial-en-delito-exceso-velocidad\/\" \/>\n<meta property=\"og:locale\" content=\"ca_ES\" \/>\n<meta property=\"og:type\" content=\"article\" \/>\n<meta property=\"og:title\" content=\"Delicte per exc\u00e9s de velocitat | Caixa negra del cotxe\" \/>\n<meta property=\"og:description\" content=\"Pionera sent\u00e8ncia que condemna a un conductor per circular a velocitat excessiva i causar un accident a partir de les dades extretes de la caixa negra del cotxe\" \/>\n<meta property=\"og:url\" content=\"https:\/\/onandia-abogados.com\/ca\/blog\/caja-negra-del-coche-prueba-pericial-en-delito-exceso-velocidad\/\" \/>\n<meta property=\"og:site_name\" content=\"\u2705 Abogados especialistas en Accidentes Barcelona | Onandia\" \/>\n<meta property=\"article:published_time\" content=\"2020-08-05T09:36:09+00:00\" \/>\n<meta property=\"article:modified_time\" content=\"2024-06-28T09:05:18+00:00\" \/>\n<meta property=\"og:image\" content=\"https:\/\/onandia-abogados.com\/wp-content\/uploads\/2020\/08\/Exces-velocitat-delicte.jpg\" \/>\n\t<meta property=\"og:image:width\" content=\"812\" \/>\n\t<meta property=\"og:image:height\" content=\"564\" \/>\n\t<meta property=\"og:image:type\" content=\"image\/jpeg\" \/>\n<meta name=\"author\" content=\"Ram\u00f3n Onandia\" \/>\n<script type=\"application\/ld+json\" class=\"yoast-schema-graph\">{\"@context\":\"https:\\\/\\\/schema.org\",\"@graph\":[{\"@type\":\"Article\",\"@id\":\"https:\\\/\\\/onandia-abogados.com\\\/ca\\\/blog\\\/caja-negra-del-coche-prueba-pericial-en-delito-exceso-velocidad\\\/#article\",\"isPartOf\":{\"@id\":\"https:\\\/\\\/onandia-abogados.com\\\/ca\\\/blog\\\/caja-negra-del-coche-prueba-pericial-en-delito-exceso-velocidad\\\/\"},\"author\":{\"name\":\"Ram\u00f3n Onandia\",\"@id\":\"https:\\\/\\\/onandia-abogados.com\\\/ca\\\/#\\\/schema\\\/person\\\/39b20a8caea66caba59cefc6542aef9a\"},\"headline\":\"La caixa negra del cotxe com a prova pericial en un delicte d&#8217;exc\u00e9s de velocitat\",\"datePublished\":\"2020-08-05T09:36:09+00:00\",\"dateModified\":\"2024-06-28T09:05:18+00:00\",\"mainEntityOfPage\":{\"@id\":\"https:\\\/\\\/onandia-abogados.com\\\/ca\\\/blog\\\/caja-negra-del-coche-prueba-pericial-en-delito-exceso-velocidad\\\/\"},\"wordCount\":1071,\"publisher\":{\"@id\":\"https:\\\/\\\/onandia-abogados.com\\\/ca\\\/#organization\"},\"image\":{\"@id\":\"https:\\\/\\\/onandia-abogados.com\\\/ca\\\/blog\\\/caja-negra-del-coche-prueba-pericial-en-delito-exceso-velocidad\\\/#primaryimage\"},\"thumbnailUrl\":\"https:\\\/\\\/onandia-abogados.com\\\/wp-content\\\/uploads\\\/2020\\\/08\\\/Exces-velocitat-delicte.jpg\",\"articleSection\":[\"Accidents de Tr\u00e0nsit\",\"Casos d\u2019\u00c8xit\",\"Sent\u00e8ncies Accidents\"],\"inLanguage\":\"ca\"},{\"@type\":\"WebPage\",\"@id\":\"https:\\\/\\\/onandia-abogados.com\\\/ca\\\/blog\\\/caja-negra-del-coche-prueba-pericial-en-delito-exceso-velocidad\\\/\",\"url\":\"https:\\\/\\\/onandia-abogados.com\\\/ca\\\/blog\\\/caja-negra-del-coche-prueba-pericial-en-delito-exceso-velocidad\\\/\",\"name\":\"Delicte per exc\u00e9s de velocitat | Caixa negra del cotxe\",\"isPartOf\":{\"@id\":\"https:\\\/\\\/onandia-abogados.com\\\/ca\\\/#website\"},\"primaryImageOfPage\":{\"@id\":\"https:\\\/\\\/onandia-abogados.com\\\/ca\\\/blog\\\/caja-negra-del-coche-prueba-pericial-en-delito-exceso-velocidad\\\/#primaryimage\"},\"image\":{\"@id\":\"https:\\\/\\\/onandia-abogados.com\\\/ca\\\/blog\\\/caja-negra-del-coche-prueba-pericial-en-delito-exceso-velocidad\\\/#primaryimage\"},\"thumbnailUrl\":\"https:\\\/\\\/onandia-abogados.com\\\/wp-content\\\/uploads\\\/2020\\\/08\\\/Exces-velocitat-delicte.jpg\",\"datePublished\":\"2020-08-05T09:36:09+00:00\",\"dateModified\":\"2024-06-28T09:05:18+00:00\",\"description\":\"Pionera sent\u00e8ncia que condemna a un conductor per circular a velocitat excessiva i causar un accident a partir de les dades extretes de la caixa negra del cotxe\",\"breadcrumb\":{\"@id\":\"https:\\\/\\\/onandia-abogados.com\\\/ca\\\/blog\\\/caja-negra-del-coche-prueba-pericial-en-delito-exceso-velocidad\\\/#breadcrumb\"},\"inLanguage\":\"ca\",\"potentialAction\":[{\"@type\":\"ReadAction\",\"target\":[\"https:\\\/\\\/onandia-abogados.com\\\/ca\\\/blog\\\/caja-negra-del-coche-prueba-pericial-en-delito-exceso-velocidad\\\/\"]}]},{\"@type\":\"ImageObject\",\"inLanguage\":\"ca\",\"@id\":\"https:\\\/\\\/onandia-abogados.com\\\/ca\\\/blog\\\/caja-negra-del-coche-prueba-pericial-en-delito-exceso-velocidad\\\/#primaryimage\",\"url\":\"https:\\\/\\\/onandia-abogados.com\\\/wp-content\\\/uploads\\\/2020\\\/08\\\/Exces-velocitat-delicte.jpg\",\"contentUrl\":\"https:\\\/\\\/onandia-abogados.com\\\/wp-content\\\/uploads\\\/2020\\\/08\\\/Exces-velocitat-delicte.jpg\",\"width\":812,\"height\":564,\"caption\":\"Imatge que representa que l'exc\u00e9s de velocitat \u00e9s delicte\"},{\"@type\":\"BreadcrumbList\",\"@id\":\"https:\\\/\\\/onandia-abogados.com\\\/ca\\\/blog\\\/caja-negra-del-coche-prueba-pericial-en-delito-exceso-velocidad\\\/#breadcrumb\",\"itemListElement\":[{\"@type\":\"ListItem\",\"position\":1,\"name\":\"Portada\",\"item\":\"https:\\\/\\\/onandia-abogados.com\\\/ca\\\/\"},{\"@type\":\"ListItem\",\"position\":2,\"name\":\"La caixa negra del cotxe com a prova pericial en un delicte d&#8217;exc\u00e9s de velocitat\"}]},{\"@type\":\"WebSite\",\"@id\":\"https:\\\/\\\/onandia-abogados.com\\\/ca\\\/#website\",\"url\":\"https:\\\/\\\/onandia-abogados.com\\\/ca\\\/\",\"name\":\"Abogados Onandia Barcelona\",\"description\":\"Advocats especialistes en accidents de tr\u00e0nsit\",\"publisher\":{\"@id\":\"https:\\\/\\\/onandia-abogados.com\\\/ca\\\/#organization\"},\"potentialAction\":[{\"@type\":\"SearchAction\",\"target\":{\"@type\":\"EntryPoint\",\"urlTemplate\":\"https:\\\/\\\/onandia-abogados.com\\\/ca\\\/?s={search_term_string}\"},\"query-input\":{\"@type\":\"PropertyValueSpecification\",\"valueRequired\":true,\"valueName\":\"search_term_string\"}}],\"inLanguage\":\"ca\"},{\"@type\":\"Organization\",\"@id\":\"https:\\\/\\\/onandia-abogados.com\\\/ca\\\/#organization\",\"name\":\"Onandia Abogados\",\"url\":\"https:\\\/\\\/onandia-abogados.com\\\/ca\\\/\",\"logo\":{\"@type\":\"ImageObject\",\"inLanguage\":\"ca\",\"@id\":\"https:\\\/\\\/onandia-abogados.com\\\/ca\\\/#\\\/schema\\\/logo\\\/image\\\/\",\"url\":\"https:\\\/\\\/onandia-abogados.com\\\/wp-content\\\/uploads\\\/2023\\\/05\\\/abogados-onandia.svg\",\"contentUrl\":\"https:\\\/\\\/onandia-abogados.com\\\/wp-content\\\/uploads\\\/2023\\\/05\\\/abogados-onandia.svg\",\"width\":751,\"height\":262,\"caption\":\"Onandia Abogados\"},\"image\":{\"@id\":\"https:\\\/\\\/onandia-abogados.com\\\/ca\\\/#\\\/schema\\\/logo\\\/image\\\/\"}},{\"@type\":\"Person\",\"@id\":\"https:\\\/\\\/onandia-abogados.com\\\/ca\\\/#\\\/schema\\\/person\\\/39b20a8caea66caba59cefc6542aef9a\",\"name\":\"Ram\u00f3n Onandia\",\"image\":{\"@type\":\"ImageObject\",\"inLanguage\":\"ca\",\"@id\":\"https:\\\/\\\/onandia-abogados.com\\\/wp-content\\\/litespeed\\\/avatar\\\/c77ad4db75b48839e4afd3cf065bf8e6.jpg?ver=1777565789\",\"url\":\"https:\\\/\\\/onandia-abogados.com\\\/wp-content\\\/litespeed\\\/avatar\\\/c77ad4db75b48839e4afd3cf065bf8e6.jpg?ver=1777565789\",\"contentUrl\":\"https:\\\/\\\/onandia-abogados.com\\\/wp-content\\\/litespeed\\\/avatar\\\/c77ad4db75b48839e4afd3cf065bf8e6.jpg?ver=1777565789\",\"caption\":\"Ram\u00f3n Onandia\"},\"description\":\"Ram\u00f3n Onandia es abogado del despacho Onandia Abogados de Barcelona, especializado en la reclamaci\u00f3n de indemnizaciones por accidente de tr\u00e1fico, accidentes laborales y negligencias m\u00e9dicas.\",\"sameAs\":[\"https:\\\/\\\/onandia-abogados.com\"],\"url\":\"https:\\\/\\\/onandia-abogados.com\\\/abogado-ramon-onandia-alsius\\\/\"}]}<\/script>\n<!-- \/ Yoast SEO plugin. -->","yoast_head_json":{"title":"Delicte per exc\u00e9s de velocitat | Caixa negra del cotxe","description":"Pionera sent\u00e8ncia que condemna a un conductor per circular a velocitat excessiva i causar un accident a partir de les dades extretes de la caixa negra del cotxe","robots":{"index":"index","follow":"follow","max-snippet":"max-snippet:-1","max-image-preview":"max-image-preview:large","max-video-preview":"max-video-preview:-1"},"canonical":"https:\/\/onandia-abogados.com\/ca\/blog\/caja-negra-del-coche-prueba-pericial-en-delito-exceso-velocidad\/","og_locale":"ca_ES","og_type":"article","og_title":"Delicte per exc\u00e9s de velocitat | Caixa negra del cotxe","og_description":"Pionera sent\u00e8ncia que condemna a un conductor per circular a velocitat excessiva i causar un accident a partir de les dades extretes de la caixa negra del cotxe","og_url":"https:\/\/onandia-abogados.com\/ca\/blog\/caja-negra-del-coche-prueba-pericial-en-delito-exceso-velocidad\/","og_site_name":"\u2705 Abogados especialistas en Accidentes Barcelona | Onandia","article_published_time":"2020-08-05T09:36:09+00:00","article_modified_time":"2024-06-28T09:05:18+00:00","og_image":[{"width":812,"height":564,"url":"https:\/\/onandia-abogados.com\/wp-content\/uploads\/2020\/08\/Exces-velocitat-delicte.jpg","type":"image\/jpeg"}],"author":"Ram\u00f3n Onandia","schema":{"@context":"https:\/\/schema.org","@graph":[{"@type":"Article","@id":"https:\/\/onandia-abogados.com\/ca\/blog\/caja-negra-del-coche-prueba-pericial-en-delito-exceso-velocidad\/#article","isPartOf":{"@id":"https:\/\/onandia-abogados.com\/ca\/blog\/caja-negra-del-coche-prueba-pericial-en-delito-exceso-velocidad\/"},"author":{"name":"Ram\u00f3n Onandia","@id":"https:\/\/onandia-abogados.com\/ca\/#\/schema\/person\/39b20a8caea66caba59cefc6542aef9a"},"headline":"La caixa negra del cotxe com a prova pericial en un delicte d&#8217;exc\u00e9s de velocitat","datePublished":"2020-08-05T09:36:09+00:00","dateModified":"2024-06-28T09:05:18+00:00","mainEntityOfPage":{"@id":"https:\/\/onandia-abogados.com\/ca\/blog\/caja-negra-del-coche-prueba-pericial-en-delito-exceso-velocidad\/"},"wordCount":1071,"publisher":{"@id":"https:\/\/onandia-abogados.com\/ca\/#organization"},"image":{"@id":"https:\/\/onandia-abogados.com\/ca\/blog\/caja-negra-del-coche-prueba-pericial-en-delito-exceso-velocidad\/#primaryimage"},"thumbnailUrl":"https:\/\/onandia-abogados.com\/wp-content\/uploads\/2020\/08\/Exces-velocitat-delicte.jpg","articleSection":["Accidents de Tr\u00e0nsit","Casos d\u2019\u00c8xit","Sent\u00e8ncies Accidents"],"inLanguage":"ca"},{"@type":"WebPage","@id":"https:\/\/onandia-abogados.com\/ca\/blog\/caja-negra-del-coche-prueba-pericial-en-delito-exceso-velocidad\/","url":"https:\/\/onandia-abogados.com\/ca\/blog\/caja-negra-del-coche-prueba-pericial-en-delito-exceso-velocidad\/","name":"Delicte per exc\u00e9s de velocitat | Caixa negra del cotxe","isPartOf":{"@id":"https:\/\/onandia-abogados.com\/ca\/#website"},"primaryImageOfPage":{"@id":"https:\/\/onandia-abogados.com\/ca\/blog\/caja-negra-del-coche-prueba-pericial-en-delito-exceso-velocidad\/#primaryimage"},"image":{"@id":"https:\/\/onandia-abogados.com\/ca\/blog\/caja-negra-del-coche-prueba-pericial-en-delito-exceso-velocidad\/#primaryimage"},"thumbnailUrl":"https:\/\/onandia-abogados.com\/wp-content\/uploads\/2020\/08\/Exces-velocitat-delicte.jpg","datePublished":"2020-08-05T09:36:09+00:00","dateModified":"2024-06-28T09:05:18+00:00","description":"Pionera sent\u00e8ncia que condemna a un conductor per circular a velocitat excessiva i causar un accident a partir de les dades extretes de la caixa negra del cotxe","breadcrumb":{"@id":"https:\/\/onandia-abogados.com\/ca\/blog\/caja-negra-del-coche-prueba-pericial-en-delito-exceso-velocidad\/#breadcrumb"},"inLanguage":"ca","potentialAction":[{"@type":"ReadAction","target":["https:\/\/onandia-abogados.com\/ca\/blog\/caja-negra-del-coche-prueba-pericial-en-delito-exceso-velocidad\/"]}]},{"@type":"ImageObject","inLanguage":"ca","@id":"https:\/\/onandia-abogados.com\/ca\/blog\/caja-negra-del-coche-prueba-pericial-en-delito-exceso-velocidad\/#primaryimage","url":"https:\/\/onandia-abogados.com\/wp-content\/uploads\/2020\/08\/Exces-velocitat-delicte.jpg","contentUrl":"https:\/\/onandia-abogados.com\/wp-content\/uploads\/2020\/08\/Exces-velocitat-delicte.jpg","width":812,"height":564,"caption":"Imatge que representa que l'exc\u00e9s de velocitat \u00e9s delicte"},{"@type":"BreadcrumbList","@id":"https:\/\/onandia-abogados.com\/ca\/blog\/caja-negra-del-coche-prueba-pericial-en-delito-exceso-velocidad\/#breadcrumb","itemListElement":[{"@type":"ListItem","position":1,"name":"Portada","item":"https:\/\/onandia-abogados.com\/ca\/"},{"@type":"ListItem","position":2,"name":"La caixa negra del cotxe com a prova pericial en un delicte d&#8217;exc\u00e9s de velocitat"}]},{"@type":"WebSite","@id":"https:\/\/onandia-abogados.com\/ca\/#website","url":"https:\/\/onandia-abogados.com\/ca\/","name":"Abogados Onandia Barcelona","description":"Advocats especialistes en accidents de tr\u00e0nsit","publisher":{"@id":"https:\/\/onandia-abogados.com\/ca\/#organization"},"potentialAction":[{"@type":"SearchAction","target":{"@type":"EntryPoint","urlTemplate":"https:\/\/onandia-abogados.com\/ca\/?s={search_term_string}"},"query-input":{"@type":"PropertyValueSpecification","valueRequired":true,"valueName":"search_term_string"}}],"inLanguage":"ca"},{"@type":"Organization","@id":"https:\/\/onandia-abogados.com\/ca\/#organization","name":"Onandia Abogados","url":"https:\/\/onandia-abogados.com\/ca\/","logo":{"@type":"ImageObject","inLanguage":"ca","@id":"https:\/\/onandia-abogados.com\/ca\/#\/schema\/logo\/image\/","url":"https:\/\/onandia-abogados.com\/wp-content\/uploads\/2023\/05\/abogados-onandia.svg","contentUrl":"https:\/\/onandia-abogados.com\/wp-content\/uploads\/2023\/05\/abogados-onandia.svg","width":751,"height":262,"caption":"Onandia Abogados"},"image":{"@id":"https:\/\/onandia-abogados.com\/ca\/#\/schema\/logo\/image\/"}},{"@type":"Person","@id":"https:\/\/onandia-abogados.com\/ca\/#\/schema\/person\/39b20a8caea66caba59cefc6542aef9a","name":"Ram\u00f3n Onandia","image":{"@type":"ImageObject","inLanguage":"ca","@id":"https:\/\/onandia-abogados.com\/wp-content\/litespeed\/avatar\/c77ad4db75b48839e4afd3cf065bf8e6.jpg?ver=1777565789","url":"https:\/\/onandia-abogados.com\/wp-content\/litespeed\/avatar\/c77ad4db75b48839e4afd3cf065bf8e6.jpg?ver=1777565789","contentUrl":"https:\/\/onandia-abogados.com\/wp-content\/litespeed\/avatar\/c77ad4db75b48839e4afd3cf065bf8e6.jpg?ver=1777565789","caption":"Ram\u00f3n Onandia"},"description":"Ram\u00f3n Onandia es abogado del despacho Onandia Abogados de Barcelona, especializado en la reclamaci\u00f3n de indemnizaciones por accidente de tr\u00e1fico, accidentes laborales y negligencias m\u00e9dicas.","sameAs":["https:\/\/onandia-abogados.com"],"url":"https:\/\/onandia-abogados.com\/abogado-ramon-onandia-alsius\/"}]}},"_links":{"self":[{"href":"https:\/\/onandia-abogados.com\/ca\/wp-json\/wp\/v2\/posts\/7395","targetHints":{"allow":["GET"]}}],"collection":[{"href":"https:\/\/onandia-abogados.com\/ca\/wp-json\/wp\/v2\/posts"}],"about":[{"href":"https:\/\/onandia-abogados.com\/ca\/wp-json\/wp\/v2\/types\/post"}],"author":[{"embeddable":true,"href":"https:\/\/onandia-abogados.com\/ca\/wp-json\/wp\/v2\/users\/2"}],"replies":[{"embeddable":true,"href":"https:\/\/onandia-abogados.com\/ca\/wp-json\/wp\/v2\/comments?post=7395"}],"version-history":[{"count":0,"href":"https:\/\/onandia-abogados.com\/ca\/wp-json\/wp\/v2\/posts\/7395\/revisions"}],"wp:featuredmedia":[{"embeddable":true,"href":"https:\/\/onandia-abogados.com\/ca\/wp-json\/wp\/v2\/media\/7398"}],"wp:attachment":[{"href":"https:\/\/onandia-abogados.com\/ca\/wp-json\/wp\/v2\/media?parent=7395"}],"wp:term":[{"taxonomy":"category","embeddable":true,"href":"https:\/\/onandia-abogados.com\/ca\/wp-json\/wp\/v2\/categories?post=7395"},{"taxonomy":"post_tag","embeddable":true,"href":"https:\/\/onandia-abogados.com\/ca\/wp-json\/wp\/v2\/tags?post=7395"}],"curies":[{"name":"wp","href":"https:\/\/api.w.org\/{rel}","templated":true}]}}