{"id":7560,"date":"2017-04-24T12:23:40","date_gmt":"2017-04-24T12:23:40","guid":{"rendered":"https:\/\/onandia-abogados.com\/blog\/expertos-en-indemnizaciones-por-accidente-leve-con-latigazo-cervical\/"},"modified":"2024-06-28T10:14:23","modified_gmt":"2024-06-28T10:14:23","slug":"experts-en-indemnitzacions-per-accident-lleu-amb-fuetada-cervical","status":"publish","type":"post","link":"https:\/\/onandia-abogados.com\/ca\/blog\/experts-en-indemnitzacions-per-accident-lleu-amb-fuetada-cervical\/","title":{"rendered":"Accident lleu amb danys personals, reclama una indemnitzaci\u00f3, est\u00e0s en el teu dret"},"content":{"rendered":"<p><div class=\"fusion-fullwidth fullwidth-box fusion-builder-row-1 fusion-flex-container nonhundred-percent-fullwidth non-hundred-percent-height-scrolling\" style=\"--awb-border-radius-top-left:0px;--awb-border-radius-top-right:0px;--awb-border-radius-bottom-right:0px;--awb-border-radius-bottom-left:0px;--awb-flex-wrap:wrap;\" ><div class=\"fusion-builder-row fusion-row fusion-flex-align-items-flex-start fusion-flex-content-wrap\" style=\"max-width:1352px;margin-left: calc(-4% \/ 2 );margin-right: calc(-4% \/ 2 );\"><div class=\"fusion-layout-column fusion_builder_column fusion-builder-column-0 fusion_builder_column_1_1 1_1 fusion-flex-column\" style=\"--awb-bg-size:cover;--awb-width-large:100%;--awb-margin-top-large:0px;--awb-spacing-right-large:1.92%;--awb-margin-bottom-large:0px;--awb-spacing-left-large:1.92%;--awb-width-medium:100%;--awb-spacing-right-medium:1.92%;--awb-spacing-left-medium:1.92%;--awb-width-small:100%;--awb-spacing-right-small:1.92%;--awb-spacing-left-small:1.92%;\"><div class=\"fusion-column-wrapper fusion-flex-justify-content-flex-start fusion-content-layout-column\"><div class=\"fusion-text fusion-text-1\"><p>No \u00e9s la primera vegada que passa, de fet, molts de vosaltres coneixereu casos propers, aix\u00f2 si no heu sofert aquest tipus de desavinences en les vostres pr\u00f2pies carns. Ens referim a la negativa de moltes asseguradores de cotxe i moto a fer-se c\u00e0rrec de les despeses derivades de lesions\u00a0 lleus, com la <strong>fuetada cervical<\/strong>,\u00a0 ocasionades\u00a0 com a\u00a0 conseq\u00fc\u00e8ncia\u00a0 d\u2019un\u00a0 accident\u00a0 per\u00a0 abast\u00a0 entre\u00a0 dos\u00a0 vehicles. I \u00e9s que, la tend\u00e8ncia de la majoria de les asseguradores a minimitzar les conseq\u00fc\u00e8ncies de l&#8217;impacte enerva a molts conductors, doncs l&#8217;objectiu de la mateixa \u00e9s restar\u00a0 import\u00e0ncia\u00a0 a\u00a0 la\u00a0 lesi\u00f3\u00a0 f\u00edsica\u00a0 derivada\u00a0 de l\u2019accident\u00a0 per\u00a0 no\u00a0 tenir\u00a0 que\u00a0 assumir\u00a0 la seva\u00a0 responsabilitat a l&#8217;hora de pagar una <strong><u><a href=\"https:\/\/onandia-abogados.com\/ca\/accidents-de-transit\/fuetada-cervical-cervicalgia\/\">indemnitzaci\u00f3 per fuetada cervical<\/a><\/u><\/strong>.<\/p>\n<p>El \u00a0pitjor\u00a0 d\u2019aquesta\u00a0 situaci\u00f3\u00a0 \u00e9s\u00a0 que\u00a0 molts\u00a0 clients\u00a0 es\u00a0 veuen\u00a0 lligats\u00a0 de\u00a0 peus\u00a0 i\u00a0 mans\u00a0 davant\u00a0 la\u00a0 negativa de l&#8217;asseguradora a cobrir les despeses derivades d&#8217;una fuetada cervical o lesi\u00f3 similar, de fet,\u00a0 la\u00a0 immensa\u00a0 majoria\u00a0 es\u00a0 d\u00f3na\u00a0 per\u00a0 ven\u00e7uda\u00a0 i\u00a0 acaba\u00a0 assumint\u00a0 (de\u00a0 la seva\u00a0 pr\u00f2pia\u00a0 butxaca)\u00a0 les\u00a0 despeses implicades pel tractament de traumat\u00f2legs, fisioter\u00e0pies, etc. requerits per mitigar la lesi\u00f3. No obstant aix\u00f2, no hem de conformar-nos, doncs existeix la possibilitat d&#8217;iniciar una demanda per reclamar una indemnitzaci\u00f3. Com a\u00a0 consumidors\u00a0 i\u00a0 clients\u00a0 amb\u00a0 una\u00a0 p\u00f2lissa\u00a0 en\u00a0 regla\u00a0 que\u00a0 cobreix\u00a0 aquest\u00a0 tipus\u00a0 de\u00a0 vicissituds\u00a0 hem d&#8217;exigir el que \u00e9s nostre: una <strong>indemnitzaci\u00f3 per accident lleu<\/strong> amb danys personal, encara que l&#8217;asseguradora al\u00b7legui, en un primer moment, la \u201cfalta de nexe causal\u201d.<\/p>\n<p>I \u00e9s que, si l&#8217;accident ha tingut lloc a escassa velocitat i no existeixen danys estructurals de calat\u00a0 en\u00a0 el\u00a0 vehicle,\u00a0 l\u2019asseguradora\u00a0 determinar\u00e0\u00a0 que\u00a0 els\u00a0 danys\u00a0 f\u00edsics\u00a0 s\u00f3n\u00a0 pr\u00e0cticament\u00a0 inexistents. Per a aix\u00f2, dur\u00e0 a terme una prova pericial Biomec\u00e0nica del vehicle en la qual es constatar\u00e0 la condici\u00f3 de col\u00b7lisi\u00f3 lleu. Davant aquesta prova, l&#8217;advocat encarregat de reclamar una indemnitzaci\u00f3 ha de posar de manifest \u00a0la\u00a0 subjectivitat\u00a0 de\u00a0 la\u00a0 relaci\u00f3\u00a0 causa-efecte,\u00a0 doncs\u00a0 una\u00a0 col\u00b7lisi\u00f3\u00a0 lleu\u00a0 pot\u00a0 porta aparellada\u00a0 una\u00a0 gran\u00a0 lesi\u00f3,\u00a0 duradora\u00a0 en\u00a0 el\u00a0 temps,\u00a0 independentment\u00a0 de\u00a0 la\u00a0 velocitat\u00a0 de vehicle o les destrosses sofertes en aquest.<\/p>\n<p>El nostre benestar f\u00edsic est\u00e0 en joc, ja que aquestes petites lesions acaben per empitjorar de no tractar-se correctament. Per aix\u00f2,\u00a0 aconsellem a qualsevol persona que es trobi en aquesta situaci\u00f3 que compti amb el suport d&#8217;un <strong>advocat independent de les asseguradores expert en accidents lleus <\/strong>que pugui defensar-lo davant d\u2019una demanda si els danys materials s\u00f3n escassos i hem de rebatre una prova pericial.<\/p>\n<p>Ram\u00f3n Onandia\u00a0 (Advocat expert en accidents 934 881 125)<\/p>\n<\/div><\/div><\/div><\/div><\/div><div class=\"fusion-fullwidth fullwidth-box fusion-builder-row-2 fusion-flex-container has-pattern-background has-mask-background nonhundred-percent-fullwidth non-hundred-percent-height-scrolling\" style=\"--awb-border-radius-top-left:0px;--awb-border-radius-top-right:0px;--awb-border-radius-bottom-right:0px;--awb-border-radius-bottom-left:0px;--awb-padding-top:30px;--awb-margin-top:30px;--awb-flex-wrap:wrap;\" ><div class=\"fusion-builder-row fusion-row fusion-flex-align-items-flex-start fusion-flex-content-wrap\" style=\"max-width:1352px;margin-left: calc(-4% \/ 2 );margin-right: calc(-4% \/ 2 );\"><div class=\"fusion-layout-column fusion_builder_column fusion-builder-column-1 fusion_builder_column_1_5 1_5 fusion-flex-column\" style=\"--awb-bg-size:cover;--awb-width-large:20%;--awb-margin-top-large:0px;--awb-spacing-right-large:9.6%;--awb-margin-bottom-large:20px;--awb-spacing-left-large:9.6%;--awb-width-medium:100%;--awb-order-medium:0;--awb-spacing-right-medium:1.92%;--awb-spacing-left-medium:1.92%;--awb-width-small:100%;--awb-order-small:0;--awb-spacing-right-small:1.92%;--awb-spacing-left-small:1.92%;\"><div class=\"fusion-column-wrapper fusion-column-has-shadow fusion-flex-justify-content-flex-start fusion-content-layout-column\"><div class=\"fusion-image-element \" style=\"--awb-caption-title-font-family:var(--h2_typography-font-family);--awb-caption-title-font-weight:var(--h2_typography-font-weight);--awb-caption-title-font-style:var(--h2_typography-font-style);--awb-caption-title-size:var(--h2_typography-font-size);--awb-caption-title-transform:var(--h2_typography-text-transform);--awb-caption-title-line-height:var(--h2_typography-line-height);--awb-caption-title-letter-spacing:var(--h2_typography-letter-spacing);\"><span class=\" fusion-imageframe imageframe-none imageframe-1 hover-type-none\"><img decoding=\"async\" width=\"600\" height=\"600\" title=\"CTA-solo-cobramos-si-tu-cobras_CAT\" src=\"https:\/\/onandia-abogados.com\/wp-content\/uploads\/2025\/12\/CTA-solo-cobramos-si-tu-cobras_CAT.png\" data-orig-src=\"https:\/\/onandia-abogados.com\/wp-content\/uploads\/2025\/12\/CTA-solo-cobramos-si-tu-cobras_CAT.png\" alt class=\"lazyload img-responsive wp-image-109715\" srcset=\"data:image\/svg+xml,%3Csvg%20xmlns%3D%27http%3A%2F%2Fwww.w3.org%2F2000%2Fsvg%27%20width%3D%27600%27%20height%3D%27600%27%20viewBox%3D%270%200%20600%20600%27%3E%3Crect%20width%3D%27600%27%20height%3D%27600%27%20fill-opacity%3D%220%22%2F%3E%3C%2Fsvg%3E\" data-srcset=\"https:\/\/onandia-abogados.com\/wp-content\/uploads\/2025\/12\/CTA-solo-cobramos-si-tu-cobras_CAT-200x200.png 200w, https:\/\/onandia-abogados.com\/wp-content\/uploads\/2025\/12\/CTA-solo-cobramos-si-tu-cobras_CAT-400x400.png 400w, https:\/\/onandia-abogados.com\/wp-content\/uploads\/2025\/12\/CTA-solo-cobramos-si-tu-cobras_CAT.png 600w\" data-sizes=\"auto\" data-orig-sizes=\"(max-width: 1024px) 100vw, (max-width: 640px) 100vw, 400px\" \/><\/span><\/div><\/div><\/div><div class=\"fusion-layout-column fusion_builder_column fusion-builder-column-2 fusion_builder_column_3_5 3_5 fusion-flex-column\" style=\"--awb-overflow:hidden;--awb-bg-color:#00a7d8;--awb-bg-color-hover:#00a7d8;--awb-bg-size:cover;--awb-border-radius:5px 5px 5px 5px;--awb-width-large:60%;--awb-margin-top-large:0px;--awb-spacing-right-large:3.2%;--awb-margin-bottom-large:20px;--awb-spacing-left-large:3.2%;--awb-width-medium:100%;--awb-order-medium:0;--awb-spacing-right-medium:1.92%;--awb-spacing-left-medium:1.92%;--awb-width-small:100%;--awb-order-small:0;--awb-spacing-right-small:1.92%;--awb-spacing-left-small:1.92%;\" data-scroll-devices=\"small-visibility,medium-visibility,large-visibility\"><div class=\"fusion-column-wrapper fusion-column-has-shadow fusion-flex-justify-content-flex-start fusion-content-layout-column\"><div class=\"fusion-text fusion-text-2\"><div class=\"fusion-text fusion-text-2\"><\/div>\n<div class=\"row\" style=\"width: 100%; margin-left: 1px; background-color: #00a7d8; text-align: center; padding-top: 20px; padding-bottom: 20px; border-radius: 5px;\">\n<div class=\"col-md-12\"><span style=\"font-weight: bold; font-size: 28px; color: white; margin-top: 20px; padding-top: 20px;\">Comen\u00e7a ara la teva reclamaci\u00f3 GRATIS<\/span><\/div>\n<div class=\"col-md-12\">\n<div class=\"row\">\n<div class=\"col-md-5 col-xs-5\" style=\"text-align: right;\"><img decoding=\"async\" class=\"lazyload alignnone wp-image-5779\" src=\"data:image\/svg+xml,%3Csvg%20xmlns%3D%27http%3A%2F%2Fwww.w3.org%2F2000%2Fsvg%27%20width%3D%2765%27%20height%3D%2750%27%20viewBox%3D%270%200%2065%2050%27%3E%3Crect%20width%3D%2765%27%20height%3D%2750%27%20fill-opacity%3D%220%22%2F%3E%3C%2Fsvg%3E\" data-orig-src=\"https:\/\/onandia-abogados.com\/wp-content\/uploads\/2023\/02\/picto-consulta-rapida.png\" alt=\"Consulta r\u00e1pida\" width=\"65\" height=\"50\" \/><\/div>\n<div class=\"col-md-7 col-xs-7\" style=\"text-align: left; margin-bottom: 20px;\">\n<p><span style=\"font-weight: bold; font-size: 26px; color: white; margin-top: 20px; padding-top: 20px;\">Consulta r\u00e0pida 24h<\/span><\/p>\n<\/div>\n<\/div>\n<\/div>\n<\/div>\n<\/div>\n<div class=\"wpcf7 no-js\" id=\"wpcf7-f7921-o1\" lang=\"es-ES\" dir=\"ltr\" data-wpcf7-id=\"7921\">\n<div class=\"screen-reader-response\"><p role=\"status\" aria-live=\"polite\" aria-atomic=\"true\"><\/p> <ul><\/ul><\/div>\n<form action=\"\/ca\/wp-json\/wp\/v2\/posts\/7560#wpcf7-f7921-o1\" method=\"post\" class=\"wpcf7-form init\" aria-label=\"Formulario de contacto\" novalidate=\"novalidate\" data-status=\"init\">\n<fieldset class=\"hidden-fields-container\"><input type=\"hidden\" name=\"_wpcf7\" value=\"7921\" \/><input type=\"hidden\" name=\"_wpcf7_version\" value=\"6.1.5\" \/><input type=\"hidden\" name=\"_wpcf7_locale\" value=\"es_ES\" \/><input type=\"hidden\" name=\"_wpcf7_unit_tag\" value=\"wpcf7-f7921-o1\" \/><input type=\"hidden\" name=\"_wpcf7_container_post\" value=\"0\" \/><input type=\"hidden\" name=\"_wpcf7_posted_data_hash\" value=\"\" \/><input type=\"hidden\" name=\"_wpcf7_recaptcha_response\" value=\"\" \/>\n<\/fieldset>\n<div class=\"col-md-12\">\n\t<p><span class=\"wpcf7-form-control-wrap\" data-name=\"your-name\"><input size=\"40\" maxlength=\"400\" class=\"wpcf7-form-control wpcf7-text wpcf7-validates-as-required\" aria-required=\"true\" aria-invalid=\"false\" placeholder=\"Nom (obligatorio)\" value=\"\" type=\"text\" name=\"your-name\" \/><\/span>\n\t<\/p>\n<\/div>\n<div class=\"col-md-12\">\n\t<p><span class=\"wpcf7-form-control-wrap\" data-name=\"telefono\"><input size=\"40\" maxlength=\"400\" class=\"wpcf7-form-control wpcf7-tel wpcf7-validates-as-required wpcf7-text wpcf7-validates-as-tel\" aria-required=\"true\" aria-invalid=\"false\" placeholder=\"Tel\u00e8fon (obligatorio)\" value=\"\" type=\"tel\" name=\"telefono\" \/><\/span>\n\t<\/p>\n<\/div>\n<div class=\"col-md-12\">\n\t<p><span class=\"wpcf7-form-control-wrap\" data-name=\"your-email\"><input size=\"40\" maxlength=\"400\" class=\"wpcf7-form-control wpcf7-email wpcf7-validates-as-required wpcf7-text wpcf7-validates-as-email\" aria-required=\"true\" aria-invalid=\"false\" placeholder=\"E-mail (obligatorio)\" value=\"\" type=\"email\" name=\"your-email\" \/><\/span>\n\t<\/p>\n<\/div>\n<div class=\"col-md-12\">\n\t<p><span class=\"wpcf7-form-control-wrap\" data-name=\"consultas\"><textarea cols=\"40\" rows=\"10\" maxlength=\"2000\" class=\"wpcf7-form-control wpcf7-textarea\" aria-invalid=\"false\" placeholder=\"Quina \u00e9s la teva consulta?\" name=\"consultas\"><\/textarea><\/span>\n\t<\/p>\n<\/div>\n<div class=\"col-md-12 politicas\">\n\t<p><span class=\"wpcf7-form-control-wrap\" data-name=\"politicas\"><span class=\"wpcf7-form-control wpcf7-acceptance\"><span class=\"wpcf7-list-item\"><input type=\"checkbox\" name=\"politicas\" value=\"1\" aria-invalid=\"false\" \/><\/span><\/span><\/span> He llegit i accepto la <a href=\"\/ca\/politica-de-privacitat\/\" target=\"_blank\" style=\"color:#FFF;\">pol\u00edtica de privacitat<\/a>\n\t<\/p>\n<\/div>\n<div class=\"col-md-12\" style=\"margin:auto auto; text-align:left;margin-bottom:5px;\">\n\t<div class=\"col-md-12\" style=\"height: 60px; overflow: scroll; overflow-x:hidden; font-size: 0.6em; line-height: 110%; color: white; background-color:#00A7D8;border:1px solid white; text-align:justify;\">\n\t\t<p>En compliment de la normativa vigent de Protecci\u00f3 de Dades de Car\u00e0cter Personal, li comuniquem que les dades recollides en el present formulari quedaran incorporats i seran tractats en el fitxer denominat Usuaris Web sota la responsabilitat de RAM\u00d3N ONANDIA ALSIUS amb la finalitat de poder prestar els seus serveis, aix\u00ed com per a mantenir-me informat sobre q\u00fcestions relatives a l'activitat de l'empresa.<br \/>\nL'informem que les dades que ens faciliti seran tractats de forma lleial, transparent, adequada, pertinent, limitada, exacta i actualitzada i no es comunicaran o cediran a tercers, exceptuant que aquesta comunicaci\u00f3 sigui necess\u00e0ria o pugui suposar una millora per a la finalitat d'aquests, sempre concorde a la normativa vigent en mat\u00e8ria de protecci\u00f3 de dades, Reglament General de Protecci\u00f3 de Dades.<br \/>\nEn el cas que es produeixin canvis en algunes de les dades facilitades, amb la finalitat de mantenir el nostre fitxer actualitzat, li preguem, ens el comuniqui per escrit.<br \/>\nL'informem de la possibilitat que t\u00e9 d'exercir els drets d'acc\u00e9s, rectificaci\u00f3, supressi\u00f3, oposici\u00f3, limitaci\u00f3 del tractament i portabilitat de les seves dades de car\u00e0cter personal de forma presencial en les oficines de RAM\u00d3N ONANDIA ALSIUS, acompanyant c\u00f2pia de DNI, o b\u00e9 mitjan\u00e7ant correu postal a RAMBLA CATALUNYA 87 2n D de BARCELONA, 08008 BARCELONA, o correu electr\u00f2nic roa@onandia.com.\n\t\t<\/p>\n\t<\/div>\n<\/div>\n<div class=\"col-md-12\" style=\"text-align:center;\">\n\n<\/div>\n<div class=\"col-md-12\" style=\"text-align:center;\">\n\t<p><input class=\"wpcf7-form-control wpcf7-submit has-spinner btn-enviar-form\" type=\"submit\" value=\"ENVIAR\" \/>\n\t<\/p>\n<\/div><div class=\"fusion-alert alert custom alert-custom fusion-alert-center wpcf7-response-output awb-alert-native-link-color alert-dismissable awb-alert-close-boxed\" style=\"--awb-border-size:1px;--awb-border-top-left-radius:0px;--awb-border-top-right-radius:0px;--awb-border-bottom-left-radius:0px;--awb-border-bottom-right-radius:0px;\" role=\"alert\"><div class=\"fusion-alert-content-wrapper\"><span class=\"fusion-alert-content\"><\/span><\/div><button type=\"button\" class=\"close toggle-alert\" data-dismiss=\"alert\" aria-label=\"Close\">&times;<\/button><\/div>\n<\/form>\n<\/div>\n<\/div><\/div><div class=\"fusion-layout-column fusion_builder_column fusion-builder-column-3 fusion_builder_column_1_5 1_5 fusion-flex-column\" style=\"--awb-bg-size:cover;--awb-width-large:20%;--awb-margin-top-large:0px;--awb-spacing-right-large:9.6%;--awb-margin-bottom-large:20px;--awb-spacing-left-large:9.6%;--awb-width-medium:100%;--awb-order-medium:0;--awb-spacing-right-medium:1.92%;--awb-spacing-left-medium:1.92%;--awb-width-small:100%;--awb-order-small:0;--awb-spacing-right-small:1.92%;--awb-spacing-left-small:1.92%;\"><div class=\"fusion-column-wrapper fusion-column-has-shadow fusion-flex-justify-content-flex-start fusion-content-layout-column\"><\/div><\/div><\/div><\/div>\n<\/p>\n\n\n<div class=\"kk-star-ratings kksr-auto kksr-align-left kksr-valign-bottom\"\n    data-payload='{&quot;align&quot;:&quot;left&quot;,&quot;id&quot;:&quot;7560&quot;,&quot;slug&quot;:&quot;default&quot;,&quot;valign&quot;:&quot;bottom&quot;,&quot;ignore&quot;:&quot;&quot;,&quot;reference&quot;:&quot;auto&quot;,&quot;class&quot;:&quot;&quot;,&quot;count&quot;:&quot;0&quot;,&quot;legendonly&quot;:&quot;&quot;,&quot;readonly&quot;:&quot;&quot;,&quot;score&quot;:&quot;0&quot;,&quot;starsonly&quot;:&quot;&quot;,&quot;best&quot;:&quot;5&quot;,&quot;gap&quot;:&quot;0&quot;,&quot;greet&quot;:&quot;&quot;,&quot;legend&quot;:&quot;0\\\/5 - (0 votes)&quot;,&quot;size&quot;:&quot;24&quot;,&quot;title&quot;:&quot;Accident lleu amb danys personals, reclama una indemnitzaci\u00f3, est\u00e0s en el teu dret&quot;,&quot;width&quot;:&quot;0&quot;,&quot;_legend&quot;:&quot;{score}\\\/{best} - ({count} {votes})&quot;,&quot;font_factor&quot;:&quot;1.25&quot;}'>\n            \n<div class=\"kksr-stars\">\n    \n<div class=\"kksr-stars-inactive\">\n            <div class=\"kksr-star\" data-star=\"1\" style=\"padding-right: 0px\">\n            \n\n<div class=\"kksr-icon\" style=\"width: 24px; height: 24px;\"><\/div>\n        <\/div>\n            <div class=\"kksr-star\" data-star=\"2\" style=\"padding-right: 0px\">\n            \n\n<div class=\"kksr-icon\" style=\"width: 24px; height: 24px;\"><\/div>\n        <\/div>\n            <div class=\"kksr-star\" data-star=\"3\" style=\"padding-right: 0px\">\n            \n\n<div class=\"kksr-icon\" style=\"width: 24px; height: 24px;\"><\/div>\n        <\/div>\n            <div class=\"kksr-star\" data-star=\"4\" style=\"padding-right: 0px\">\n            \n\n<div class=\"kksr-icon\" style=\"width: 24px; height: 24px;\"><\/div>\n        <\/div>\n            <div class=\"kksr-star\" data-star=\"5\" style=\"padding-right: 0px\">\n            \n\n<div class=\"kksr-icon\" style=\"width: 24px; height: 24px;\"><\/div>\n        <\/div>\n    <\/div>\n    \n<div class=\"kksr-stars-active\" style=\"width: 0px;\">\n            <div class=\"kksr-star\" style=\"padding-right: 0px\">\n            \n\n<div class=\"kksr-icon\" style=\"width: 24px; height: 24px;\"><\/div>\n        <\/div>\n            <div class=\"kksr-star\" style=\"padding-right: 0px\">\n            \n\n<div class=\"kksr-icon\" style=\"width: 24px; height: 24px;\"><\/div>\n        <\/div>\n            <div class=\"kksr-star\" style=\"padding-right: 0px\">\n            \n\n<div class=\"kksr-icon\" style=\"width: 24px; height: 24px;\"><\/div>\n        <\/div>\n            <div class=\"kksr-star\" style=\"padding-right: 0px\">\n            \n\n<div class=\"kksr-icon\" style=\"width: 24px; height: 24px;\"><\/div>\n        <\/div>\n            <div class=\"kksr-star\" style=\"padding-right: 0px\">\n            \n\n<div class=\"kksr-icon\" style=\"width: 24px; height: 24px;\"><\/div>\n        <\/div>\n    <\/div>\n<\/div>\n                \n\n<div class=\"kksr-legend\" style=\"font-size: 19.2px;\">\n            <span class=\"kksr-muted\"><\/span>\n    <\/div>\n    <\/div>\n","protected":false},"excerpt":{"rendered":"","protected":false},"author":2,"featured_media":7563,"comment_status":"closed","ping_status":"closed","sticky":false,"template":"","format":"standard","meta":{"footnotes":""},"categories":[150],"tags":[],"class_list":["post-7560","post","type-post","status-publish","format-standard","has-post-thumbnail","hentry","category-accidents-de-transit"],"yoast_head":"<!-- This site is optimized with the Yoast SEO plugin v27.4 - https:\/\/yoast.com\/product\/yoast-seo-wordpress\/ -->\n<title>Indemnizaci\u00f3 per accident lleu amb fuetada cervical<\/title>\n<meta name=\"description\" content=\"En casos d&#039;accident lleu amb fuetada cervical no et conformis amb la negativa de l&#039;asseguradora a pagar indemnitzaci\u00f3, pots reclamar una indemnitzaci\u00f3\" \/>\n<meta name=\"robots\" content=\"index, follow, max-snippet:-1, max-image-preview:large, max-video-preview:-1\" \/>\n<link rel=\"canonical\" href=\"https:\/\/onandia-abogados.com\/ca\/blog\/experts-en-indemnitzacions-per-accident-lleu-amb-fuetada-cervical\/\" \/>\n<meta property=\"og:locale\" content=\"ca_ES\" \/>\n<meta property=\"og:type\" content=\"article\" \/>\n<meta property=\"og:title\" content=\"Indemnizaci\u00f3 per accident lleu amb fuetada cervical\" \/>\n<meta property=\"og:description\" content=\"En casos d&#039;accident lleu amb fuetada cervical no et conformis amb la negativa de l&#039;asseguradora a pagar indemnitzaci\u00f3, pots reclamar una indemnitzaci\u00f3\" \/>\n<meta property=\"og:url\" content=\"https:\/\/onandia-abogados.com\/ca\/blog\/experts-en-indemnitzacions-per-accident-lleu-amb-fuetada-cervical\/\" \/>\n<meta property=\"og:site_name\" content=\"\u2705 Abogados especialistas en Accidentes Barcelona | Onandia\" \/>\n<meta property=\"article:published_time\" content=\"2017-04-24T12:23:40+00:00\" \/>\n<meta property=\"article:modified_time\" content=\"2024-06-28T10:14:23+00:00\" \/>\n<meta property=\"og:image\" content=\"https:\/\/onandia-abogados.com\/wp-content\/uploads\/2017\/04\/onandia_advocats_indemnitzacio-fuetada-cervical.jpg\" \/>\n\t<meta property=\"og:image:width\" content=\"353\" \/>\n\t<meta property=\"og:image:height\" content=\"212\" \/>\n\t<meta property=\"og:image:type\" content=\"image\/jpeg\" \/>\n<meta name=\"author\" content=\"Ram\u00f3n Onandia\" \/>\n<script type=\"application\/ld+json\" class=\"yoast-schema-graph\">{\"@context\":\"https:\\\/\\\/schema.org\",\"@graph\":[{\"@type\":\"Article\",\"@id\":\"https:\\\/\\\/onandia-abogados.com\\\/ca\\\/blog\\\/experts-en-indemnitzacions-per-accident-lleu-amb-fuetada-cervical\\\/#article\",\"isPartOf\":{\"@id\":\"https:\\\/\\\/onandia-abogados.com\\\/ca\\\/blog\\\/experts-en-indemnitzacions-per-accident-lleu-amb-fuetada-cervical\\\/\"},\"author\":{\"name\":\"Ram\u00f3n Onandia\",\"@id\":\"https:\\\/\\\/onandia-abogados.com\\\/ca\\\/#\\\/schema\\\/person\\\/39b20a8caea66caba59cefc6542aef9a\"},\"headline\":\"Accident lleu amb danys personals, reclama una indemnitzaci\u00f3, est\u00e0s en el teu dret\",\"datePublished\":\"2017-04-24T12:23:40+00:00\",\"dateModified\":\"2024-06-28T10:14:23+00:00\",\"mainEntityOfPage\":{\"@id\":\"https:\\\/\\\/onandia-abogados.com\\\/ca\\\/blog\\\/experts-en-indemnitzacions-per-accident-lleu-amb-fuetada-cervical\\\/\"},\"wordCount\":716,\"publisher\":{\"@id\":\"https:\\\/\\\/onandia-abogados.com\\\/ca\\\/#organization\"},\"image\":{\"@id\":\"https:\\\/\\\/onandia-abogados.com\\\/ca\\\/blog\\\/experts-en-indemnitzacions-per-accident-lleu-amb-fuetada-cervical\\\/#primaryimage\"},\"thumbnailUrl\":\"https:\\\/\\\/onandia-abogados.com\\\/wp-content\\\/uploads\\\/2017\\\/04\\\/onandia_advocats_indemnitzacio-fuetada-cervical.jpg\",\"articleSection\":[\"Accidents de Tr\u00e0nsit\"],\"inLanguage\":\"ca\"},{\"@type\":\"WebPage\",\"@id\":\"https:\\\/\\\/onandia-abogados.com\\\/ca\\\/blog\\\/experts-en-indemnitzacions-per-accident-lleu-amb-fuetada-cervical\\\/\",\"url\":\"https:\\\/\\\/onandia-abogados.com\\\/ca\\\/blog\\\/experts-en-indemnitzacions-per-accident-lleu-amb-fuetada-cervical\\\/\",\"name\":\"Indemnizaci\u00f3 per accident lleu amb fuetada cervical\",\"isPartOf\":{\"@id\":\"https:\\\/\\\/onandia-abogados.com\\\/ca\\\/#website\"},\"primaryImageOfPage\":{\"@id\":\"https:\\\/\\\/onandia-abogados.com\\\/ca\\\/blog\\\/experts-en-indemnitzacions-per-accident-lleu-amb-fuetada-cervical\\\/#primaryimage\"},\"image\":{\"@id\":\"https:\\\/\\\/onandia-abogados.com\\\/ca\\\/blog\\\/experts-en-indemnitzacions-per-accident-lleu-amb-fuetada-cervical\\\/#primaryimage\"},\"thumbnailUrl\":\"https:\\\/\\\/onandia-abogados.com\\\/wp-content\\\/uploads\\\/2017\\\/04\\\/onandia_advocats_indemnitzacio-fuetada-cervical.jpg\",\"datePublished\":\"2017-04-24T12:23:40+00:00\",\"dateModified\":\"2024-06-28T10:14:23+00:00\",\"description\":\"En casos d'accident lleu amb fuetada cervical no et conformis amb la negativa de l'asseguradora a pagar indemnitzaci\u00f3, pots reclamar una indemnitzaci\u00f3\",\"breadcrumb\":{\"@id\":\"https:\\\/\\\/onandia-abogados.com\\\/ca\\\/blog\\\/experts-en-indemnitzacions-per-accident-lleu-amb-fuetada-cervical\\\/#breadcrumb\"},\"inLanguage\":\"ca\",\"potentialAction\":[{\"@type\":\"ReadAction\",\"target\":[\"https:\\\/\\\/onandia-abogados.com\\\/ca\\\/blog\\\/experts-en-indemnitzacions-per-accident-lleu-amb-fuetada-cervical\\\/\"]}]},{\"@type\":\"ImageObject\",\"inLanguage\":\"ca\",\"@id\":\"https:\\\/\\\/onandia-abogados.com\\\/ca\\\/blog\\\/experts-en-indemnitzacions-per-accident-lleu-amb-fuetada-cervical\\\/#primaryimage\",\"url\":\"https:\\\/\\\/onandia-abogados.com\\\/wp-content\\\/uploads\\\/2017\\\/04\\\/onandia_advocats_indemnitzacio-fuetada-cervical.jpg\",\"contentUrl\":\"https:\\\/\\\/onandia-abogados.com\\\/wp-content\\\/uploads\\\/2017\\\/04\\\/onandia_advocats_indemnitzacio-fuetada-cervical.jpg\",\"width\":353,\"height\":212,\"caption\":\"Onandia Advocats Indemnitzaci\u00f3 fuetada cervical\"},{\"@type\":\"BreadcrumbList\",\"@id\":\"https:\\\/\\\/onandia-abogados.com\\\/ca\\\/blog\\\/experts-en-indemnitzacions-per-accident-lleu-amb-fuetada-cervical\\\/#breadcrumb\",\"itemListElement\":[{\"@type\":\"ListItem\",\"position\":1,\"name\":\"Portada\",\"item\":\"https:\\\/\\\/onandia-abogados.com\\\/ca\\\/\"},{\"@type\":\"ListItem\",\"position\":2,\"name\":\"Accident lleu amb danys personals, reclama una indemnitzaci\u00f3, est\u00e0s en el teu dret\"}]},{\"@type\":\"WebSite\",\"@id\":\"https:\\\/\\\/onandia-abogados.com\\\/ca\\\/#website\",\"url\":\"https:\\\/\\\/onandia-abogados.com\\\/ca\\\/\",\"name\":\"Abogados Onandia Barcelona\",\"description\":\"Advocats especialistes en accidents de tr\u00e0nsit\",\"publisher\":{\"@id\":\"https:\\\/\\\/onandia-abogados.com\\\/ca\\\/#organization\"},\"potentialAction\":[{\"@type\":\"SearchAction\",\"target\":{\"@type\":\"EntryPoint\",\"urlTemplate\":\"https:\\\/\\\/onandia-abogados.com\\\/ca\\\/?s={search_term_string}\"},\"query-input\":{\"@type\":\"PropertyValueSpecification\",\"valueRequired\":true,\"valueName\":\"search_term_string\"}}],\"inLanguage\":\"ca\"},{\"@type\":\"Organization\",\"@id\":\"https:\\\/\\\/onandia-abogados.com\\\/ca\\\/#organization\",\"name\":\"Onandia Abogados\",\"url\":\"https:\\\/\\\/onandia-abogados.com\\\/ca\\\/\",\"logo\":{\"@type\":\"ImageObject\",\"inLanguage\":\"ca\",\"@id\":\"https:\\\/\\\/onandia-abogados.com\\\/ca\\\/#\\\/schema\\\/logo\\\/image\\\/\",\"url\":\"https:\\\/\\\/onandia-abogados.com\\\/wp-content\\\/uploads\\\/2023\\\/05\\\/abogados-onandia.svg\",\"contentUrl\":\"https:\\\/\\\/onandia-abogados.com\\\/wp-content\\\/uploads\\\/2023\\\/05\\\/abogados-onandia.svg\",\"width\":751,\"height\":262,\"caption\":\"Onandia Abogados\"},\"image\":{\"@id\":\"https:\\\/\\\/onandia-abogados.com\\\/ca\\\/#\\\/schema\\\/logo\\\/image\\\/\"}},{\"@type\":\"Person\",\"@id\":\"https:\\\/\\\/onandia-abogados.com\\\/ca\\\/#\\\/schema\\\/person\\\/39b20a8caea66caba59cefc6542aef9a\",\"name\":\"Ram\u00f3n Onandia\",\"image\":{\"@type\":\"ImageObject\",\"inLanguage\":\"ca\",\"@id\":\"https:\\\/\\\/onandia-abogados.com\\\/wp-content\\\/litespeed\\\/avatar\\\/c77ad4db75b48839e4afd3cf065bf8e6.jpg?ver=1777565789\",\"url\":\"https:\\\/\\\/onandia-abogados.com\\\/wp-content\\\/litespeed\\\/avatar\\\/c77ad4db75b48839e4afd3cf065bf8e6.jpg?ver=1777565789\",\"contentUrl\":\"https:\\\/\\\/onandia-abogados.com\\\/wp-content\\\/litespeed\\\/avatar\\\/c77ad4db75b48839e4afd3cf065bf8e6.jpg?ver=1777565789\",\"caption\":\"Ram\u00f3n Onandia\"},\"description\":\"Ram\u00f3n Onandia es abogado del despacho Onandia Abogados de Barcelona, especializado en la reclamaci\u00f3n de indemnizaciones por accidente de tr\u00e1fico, accidentes laborales y negligencias m\u00e9dicas.\",\"sameAs\":[\"https:\\\/\\\/onandia-abogados.com\"],\"url\":\"https:\\\/\\\/onandia-abogados.com\\\/abogado-ramon-onandia-alsius\\\/\"}]}<\/script>\n<!-- \/ Yoast SEO plugin. -->","yoast_head_json":{"title":"Indemnizaci\u00f3 per accident lleu amb fuetada cervical","description":"En casos d'accident lleu amb fuetada cervical no et conformis amb la negativa de l'asseguradora a pagar indemnitzaci\u00f3, pots reclamar una indemnitzaci\u00f3","robots":{"index":"index","follow":"follow","max-snippet":"max-snippet:-1","max-image-preview":"max-image-preview:large","max-video-preview":"max-video-preview:-1"},"canonical":"https:\/\/onandia-abogados.com\/ca\/blog\/experts-en-indemnitzacions-per-accident-lleu-amb-fuetada-cervical\/","og_locale":"ca_ES","og_type":"article","og_title":"Indemnizaci\u00f3 per accident lleu amb fuetada cervical","og_description":"En casos d'accident lleu amb fuetada cervical no et conformis amb la negativa de l'asseguradora a pagar indemnitzaci\u00f3, pots reclamar una indemnitzaci\u00f3","og_url":"https:\/\/onandia-abogados.com\/ca\/blog\/experts-en-indemnitzacions-per-accident-lleu-amb-fuetada-cervical\/","og_site_name":"\u2705 Abogados especialistas en Accidentes Barcelona | Onandia","article_published_time":"2017-04-24T12:23:40+00:00","article_modified_time":"2024-06-28T10:14:23+00:00","og_image":[{"width":353,"height":212,"url":"https:\/\/onandia-abogados.com\/wp-content\/uploads\/2017\/04\/onandia_advocats_indemnitzacio-fuetada-cervical.jpg","type":"image\/jpeg"}],"author":"Ram\u00f3n Onandia","schema":{"@context":"https:\/\/schema.org","@graph":[{"@type":"Article","@id":"https:\/\/onandia-abogados.com\/ca\/blog\/experts-en-indemnitzacions-per-accident-lleu-amb-fuetada-cervical\/#article","isPartOf":{"@id":"https:\/\/onandia-abogados.com\/ca\/blog\/experts-en-indemnitzacions-per-accident-lleu-amb-fuetada-cervical\/"},"author":{"name":"Ram\u00f3n Onandia","@id":"https:\/\/onandia-abogados.com\/ca\/#\/schema\/person\/39b20a8caea66caba59cefc6542aef9a"},"headline":"Accident lleu amb danys personals, reclama una indemnitzaci\u00f3, est\u00e0s en el teu dret","datePublished":"2017-04-24T12:23:40+00:00","dateModified":"2024-06-28T10:14:23+00:00","mainEntityOfPage":{"@id":"https:\/\/onandia-abogados.com\/ca\/blog\/experts-en-indemnitzacions-per-accident-lleu-amb-fuetada-cervical\/"},"wordCount":716,"publisher":{"@id":"https:\/\/onandia-abogados.com\/ca\/#organization"},"image":{"@id":"https:\/\/onandia-abogados.com\/ca\/blog\/experts-en-indemnitzacions-per-accident-lleu-amb-fuetada-cervical\/#primaryimage"},"thumbnailUrl":"https:\/\/onandia-abogados.com\/wp-content\/uploads\/2017\/04\/onandia_advocats_indemnitzacio-fuetada-cervical.jpg","articleSection":["Accidents de Tr\u00e0nsit"],"inLanguage":"ca"},{"@type":"WebPage","@id":"https:\/\/onandia-abogados.com\/ca\/blog\/experts-en-indemnitzacions-per-accident-lleu-amb-fuetada-cervical\/","url":"https:\/\/onandia-abogados.com\/ca\/blog\/experts-en-indemnitzacions-per-accident-lleu-amb-fuetada-cervical\/","name":"Indemnizaci\u00f3 per accident lleu amb fuetada cervical","isPartOf":{"@id":"https:\/\/onandia-abogados.com\/ca\/#website"},"primaryImageOfPage":{"@id":"https:\/\/onandia-abogados.com\/ca\/blog\/experts-en-indemnitzacions-per-accident-lleu-amb-fuetada-cervical\/#primaryimage"},"image":{"@id":"https:\/\/onandia-abogados.com\/ca\/blog\/experts-en-indemnitzacions-per-accident-lleu-amb-fuetada-cervical\/#primaryimage"},"thumbnailUrl":"https:\/\/onandia-abogados.com\/wp-content\/uploads\/2017\/04\/onandia_advocats_indemnitzacio-fuetada-cervical.jpg","datePublished":"2017-04-24T12:23:40+00:00","dateModified":"2024-06-28T10:14:23+00:00","description":"En casos d'accident lleu amb fuetada cervical no et conformis amb la negativa de l'asseguradora a pagar indemnitzaci\u00f3, pots reclamar una indemnitzaci\u00f3","breadcrumb":{"@id":"https:\/\/onandia-abogados.com\/ca\/blog\/experts-en-indemnitzacions-per-accident-lleu-amb-fuetada-cervical\/#breadcrumb"},"inLanguage":"ca","potentialAction":[{"@type":"ReadAction","target":["https:\/\/onandia-abogados.com\/ca\/blog\/experts-en-indemnitzacions-per-accident-lleu-amb-fuetada-cervical\/"]}]},{"@type":"ImageObject","inLanguage":"ca","@id":"https:\/\/onandia-abogados.com\/ca\/blog\/experts-en-indemnitzacions-per-accident-lleu-amb-fuetada-cervical\/#primaryimage","url":"https:\/\/onandia-abogados.com\/wp-content\/uploads\/2017\/04\/onandia_advocats_indemnitzacio-fuetada-cervical.jpg","contentUrl":"https:\/\/onandia-abogados.com\/wp-content\/uploads\/2017\/04\/onandia_advocats_indemnitzacio-fuetada-cervical.jpg","width":353,"height":212,"caption":"Onandia Advocats Indemnitzaci\u00f3 fuetada cervical"},{"@type":"BreadcrumbList","@id":"https:\/\/onandia-abogados.com\/ca\/blog\/experts-en-indemnitzacions-per-accident-lleu-amb-fuetada-cervical\/#breadcrumb","itemListElement":[{"@type":"ListItem","position":1,"name":"Portada","item":"https:\/\/onandia-abogados.com\/ca\/"},{"@type":"ListItem","position":2,"name":"Accident lleu amb danys personals, reclama una indemnitzaci\u00f3, est\u00e0s en el teu dret"}]},{"@type":"WebSite","@id":"https:\/\/onandia-abogados.com\/ca\/#website","url":"https:\/\/onandia-abogados.com\/ca\/","name":"Abogados Onandia Barcelona","description":"Advocats especialistes en accidents de tr\u00e0nsit","publisher":{"@id":"https:\/\/onandia-abogados.com\/ca\/#organization"},"potentialAction":[{"@type":"SearchAction","target":{"@type":"EntryPoint","urlTemplate":"https:\/\/onandia-abogados.com\/ca\/?s={search_term_string}"},"query-input":{"@type":"PropertyValueSpecification","valueRequired":true,"valueName":"search_term_string"}}],"inLanguage":"ca"},{"@type":"Organization","@id":"https:\/\/onandia-abogados.com\/ca\/#organization","name":"Onandia Abogados","url":"https:\/\/onandia-abogados.com\/ca\/","logo":{"@type":"ImageObject","inLanguage":"ca","@id":"https:\/\/onandia-abogados.com\/ca\/#\/schema\/logo\/image\/","url":"https:\/\/onandia-abogados.com\/wp-content\/uploads\/2023\/05\/abogados-onandia.svg","contentUrl":"https:\/\/onandia-abogados.com\/wp-content\/uploads\/2023\/05\/abogados-onandia.svg","width":751,"height":262,"caption":"Onandia Abogados"},"image":{"@id":"https:\/\/onandia-abogados.com\/ca\/#\/schema\/logo\/image\/"}},{"@type":"Person","@id":"https:\/\/onandia-abogados.com\/ca\/#\/schema\/person\/39b20a8caea66caba59cefc6542aef9a","name":"Ram\u00f3n Onandia","image":{"@type":"ImageObject","inLanguage":"ca","@id":"https:\/\/onandia-abogados.com\/wp-content\/litespeed\/avatar\/c77ad4db75b48839e4afd3cf065bf8e6.jpg?ver=1777565789","url":"https:\/\/onandia-abogados.com\/wp-content\/litespeed\/avatar\/c77ad4db75b48839e4afd3cf065bf8e6.jpg?ver=1777565789","contentUrl":"https:\/\/onandia-abogados.com\/wp-content\/litespeed\/avatar\/c77ad4db75b48839e4afd3cf065bf8e6.jpg?ver=1777565789","caption":"Ram\u00f3n Onandia"},"description":"Ram\u00f3n Onandia es abogado del despacho Onandia Abogados de Barcelona, especializado en la reclamaci\u00f3n de indemnizaciones por accidente de tr\u00e1fico, accidentes laborales y negligencias m\u00e9dicas.","sameAs":["https:\/\/onandia-abogados.com"],"url":"https:\/\/onandia-abogados.com\/abogado-ramon-onandia-alsius\/"}]}},"_links":{"self":[{"href":"https:\/\/onandia-abogados.com\/ca\/wp-json\/wp\/v2\/posts\/7560","targetHints":{"allow":["GET"]}}],"collection":[{"href":"https:\/\/onandia-abogados.com\/ca\/wp-json\/wp\/v2\/posts"}],"about":[{"href":"https:\/\/onandia-abogados.com\/ca\/wp-json\/wp\/v2\/types\/post"}],"author":[{"embeddable":true,"href":"https:\/\/onandia-abogados.com\/ca\/wp-json\/wp\/v2\/users\/2"}],"replies":[{"embeddable":true,"href":"https:\/\/onandia-abogados.com\/ca\/wp-json\/wp\/v2\/comments?post=7560"}],"version-history":[{"count":0,"href":"https:\/\/onandia-abogados.com\/ca\/wp-json\/wp\/v2\/posts\/7560\/revisions"}],"wp:featuredmedia":[{"embeddable":true,"href":"https:\/\/onandia-abogados.com\/ca\/wp-json\/wp\/v2\/media\/7563"}],"wp:attachment":[{"href":"https:\/\/onandia-abogados.com\/ca\/wp-json\/wp\/v2\/media?parent=7560"}],"wp:term":[{"taxonomy":"category","embeddable":true,"href":"https:\/\/onandia-abogados.com\/ca\/wp-json\/wp\/v2\/categories?post=7560"},{"taxonomy":"post_tag","embeddable":true,"href":"https:\/\/onandia-abogados.com\/ca\/wp-json\/wp\/v2\/tags?post=7560"}],"curies":[{"name":"wp","href":"https:\/\/api.w.org\/{rel}","templated":true}]}}